{"id":170152,"date":"2020-10-01T14:59:11","date_gmt":"2020-10-01T17:59:11","guid":{"rendered":"https:\/\/diarioregionaldigital.com.br\/?p=170152"},"modified":"2020-10-01T14:59:11","modified_gmt":"2020-10-01T17:59:11","slug":"juiz-de-fora-cria-48-postos-de-trabalho-no-mes-de-agosto","status":"publish","type":"post","link":"https:\/\/diarioregionaldigital.com.br\/?p=170152","title":{"rendered":"Juiz de Fora cria 48 postos de trabalho no m\u00eas de agosto"},"content":{"rendered":"<p><span style=\"font-weight: 400;\">O balan\u00e7o divulgado pelo Cadastro Geral de Empregados e Desempregados (Caged) do Minist\u00e9rio da Economia, informa que no m\u00eas de agosto, Juiz de Fora criou 48 postos de trabalho. Pelo segundo m\u00eas consecutivo, o munic\u00edpio tem saldo positivo desde o in\u00edcio da pandemia do Coronav\u00edrus.\u00a0<\/span><\/p>\n<p><span style=\"font-weight: 400;\">No acumulado de 2020, Juiz de Fora obteve 26.189 admiss\u00f5es e 32.664 desligamentos, representando um saldo negativo de 6.475.\u00a0 Durante o per\u00edodo em agosto, foram registradas 3.085 admiss\u00f5es e 3.037 desligamentos.<\/span><\/p>\n<p><span style=\"font-weight: 400;\">Conforme os dados, os setores de ind\u00fastria e com\u00e9rcio, contribu\u00edram para manter o saldo positivo em agosto. Cada uma gerou 142 e 60 vagas de emprego. No entanto, este resultado foi inferior em rela\u00e7\u00e3o ao m\u00eas de julho, que obteve um total de 142 oportunidades de trabalho. Naquela oportunidade, foi o primeiro balan\u00e7o mensal positivo desde mar\u00e7o, em meio \u00e0 pandemia de Covid-19.\u00a0<\/span><\/p>\n<p><span style=\"font-weight: 400;\">A \u00fanica \u00e1rea que teve resultado positivo para admiss\u00f5es e demiss\u00f5es, foi o de agropecu\u00e1ria, com abertura de tr\u00eas vagas de trabalho. <\/span><span style=\"font-weight: 400;\">A atividade econ\u00f4mica ganhou for\u00e7a da agricultura, pecu\u00e1ria e servi\u00e7os relacionados, que acarretou na cria\u00e7\u00e3o de cinco postos.\u00a0<\/span><\/p>\n<p><span style=\"font-weight: 400;\">J\u00e1 a constru\u00e7\u00e3o civil, fechou agosto com 38 ofertas de emprego. O valor \u00e9 inferior ao m\u00eas de julho, que teve 66. O motivo da queda do n\u00famero de vagas se deve aos setores de constru\u00e7\u00e3o de edif\u00edcios, com 46 postos fechados, e de obras de infraestrutura com 19. Na constru\u00e7\u00e3o civil, somente as atividades de servi\u00e7os especializados para constru\u00e7\u00e3o apresentou balan\u00e7o positivo, com cria\u00e7\u00e3o de 27 empregos.\u00a0<\/span><\/p>\n<p><b>Cen\u00e1rio em Minas Gerais<\/b><\/p>\n<p><span style=\"font-weight: 400;\">No m\u00eas de julho, Minas Gerais registrou saldo positivo de 15.843 postos de trabalho. Na compara\u00e7\u00e3o de agosto de 2020 com o mesmo m\u00eas de 2019,\u00a0 quando foram criadas 5.985 vagas de emprego, o Estado registrou resultado bem superior na abertura de novas oportunidade de trabalho para os mineiros.<\/span><\/p>\n<p><span style=\"font-weight: 400;\">Nos tr\u00eas primeiros meses da pandemia, os saldos apurados pelo Caged no estado foram negativos, com -17.478 vagas em mar\u00e7o, -92.335 em abril e -33.695 em maio.<\/span><\/p>\n<p><b>Brasil<\/b><\/p>\n<p><span style=\"font-weight: 400;\">No pa\u00eds, tamb\u00e9m em agosto, houve um saldo de 249.388 postos de trabalho, resultado da admiss\u00e3o de 1.239.478 trabalhadores e 990.090 desligamentos. No entanto, no acumulado do ano, o saldo ainda est\u00e1 negativo em -849.387 empregos; foram 9.180.697\u00a0 contrata\u00e7\u00f5es e 10.030.084 demiss\u00f5es.<\/span><\/p>\n<p><span style=\"font-weight: 400;\">Por setor de atividade econ\u00f4mica, houve saldo positivo em cinco grupos: ind\u00fastria geral (92.893 postos), concentrados na ind\u00fastria de transforma\u00e7\u00e3o (90.227 postos); constru\u00e7\u00e3o (50.489); com\u00e9rcio, repara\u00e7\u00e3o de ve\u00edculos automotores e motocicletas (49.408) e servi\u00e7os (45.412), distribu\u00eddos principalmente nas atividades de informa\u00e7\u00e3o, comunica\u00e7\u00e3o e atividades financeiras, imobili\u00e1rias, profissionais e administrativas (55.542) e agricultura, pecu\u00e1ria, produ\u00e7\u00e3o florestal, pesca e aquicultura (11.213).<\/span><\/p>\n<p><span style=\"font-weight: 400;\">Por regi\u00e3o, o Sudeste lidera em saldo positivo de vagas, com 104.702 empregos, seguido pelo Nordeste (62.085), Sul (42.664),\u00a0 Norte (22.272) e Centro-Oeste (17.684).<\/span><\/p>\n<p>&nbsp;<\/p>\n","protected":false},"excerpt":{"rendered":"<p>O balan\u00e7o divulgado pelo Cadastro Geral de Empregados e Desempregados (Caged) do Minist\u00e9rio da Economia, informa que no m\u00eas de agosto, Juiz de Fora criou 48 postos de trabalho. Pelo segundo m\u00eas consecutivo, o munic\u00edpio tem saldo positivo desde o in\u00edcio da pandemia do Coronav\u00edrus.\u00a0 No acumulado de 2020, Juiz de Fora obteve 26.189 admiss\u00f5es [&hellip;]<\/p>\n","protected":false},"author":96,"featured_media":170153,"comment_status":"closed","ping_status":"closed","sticky":false,"template":"","format":"standard","meta":{"footnotes":""},"categories":[253,436,440,439],"tags":[],"class_list":["post-170152","post","type-post","status-publish","format-standard","has-post-thumbnail","hentry","category-cidade","category-destaque-da-semana","category-destaques-do-dia","category-ultima-hora"],"_links":{"self":[{"href":"https:\/\/diarioregionaldigital.com.br\/index.php?rest_route=\/wp\/v2\/posts\/170152","targetHints":{"allow":["GET"]}}],"collection":[{"href":"https:\/\/diarioregionaldigital.com.br\/index.php?rest_route=\/wp\/v2\/posts"}],"about":[{"href":"https:\/\/diarioregionaldigital.com.br\/index.php?rest_route=\/wp\/v2\/types\/post"}],"author":[{"embeddable":true,"href":"https:\/\/diarioregionaldigital.com.br\/index.php?rest_route=\/wp\/v2\/users\/96"}],"replies":[{"embeddable":true,"href":"https:\/\/diarioregionaldigital.com.br\/index.php?rest_route=%2Fwp%2Fv2%2Fcomments&post=170152"}],"version-history":[{"count":0,"href":"https:\/\/diarioregionaldigital.com.br\/index.php?rest_route=\/wp\/v2\/posts\/170152\/revisions"}],"wp:featuredmedia":[{"embeddable":true,"href":"https:\/\/diarioregionaldigital.com.br\/index.php?rest_route=\/wp\/v2\/media\/170153"}],"wp:attachment":[{"href":"https:\/\/diarioregionaldigital.com.br\/index.php?rest_route=%2Fwp%2Fv2%2Fmedia&parent=170152"}],"wp:term":[{"taxonomy":"category","embeddable":true,"href":"https:\/\/diarioregionaldigital.com.br\/index.php?rest_route=%2Fwp%2Fv2%2Fcategories&post=170152"},{"taxonomy":"post_tag","embeddable":true,"href":"https:\/\/diarioregionaldigital.com.br\/index.php?rest_route=%2Fwp%2Fv2%2Ftags&post=170152"}],"curies":[{"name":"wp","href":"https:\/\/api.w.org\/{rel}","templated":true}]}}