{"id":170149,"date":"2020-10-01T14:28:05","date_gmt":"2020-10-01T17:28:05","guid":{"rendered":"https:\/\/diarioregionaldigital.com.br\/?p=170149"},"modified":"2020-10-01T14:28:05","modified_gmt":"2020-10-01T17:28:05","slug":"covid-19-estudo-da-ufjf-aponta-crescimento-do-numero-de-casos-no-municipio","status":"publish","type":"post","link":"https:\/\/diarioregionaldigital.com.br\/?p=170149","title":{"rendered":"Covid-19: Estudo da UFJF aponta crescimento do n\u00famero de casos no munic\u00edpio"},"content":{"rendered":"<p><span style=\"font-weight: 400;\">A nota t\u00e9cnica elaborada pelo grupo de modelagem epidemiol\u00f3gica da Covid-19, composto por pesquisadores da Universidade Federal de Juiz de Fora (UFJF), indica que o munic\u00edpio tem tido crescente aumento do n\u00famero de casos e mortes confirmadas por Coronav\u00edrus. Foram analisados dados at\u00e9 o dia 26 de setembro.<\/span><\/p>\n<p><span style=\"font-weight: 400;\">Est\u00e3o inclu\u00eddas as notifica\u00e7\u00f5es de casos suspeitos da doen\u00e7a at\u00e9 o dia 19 do m\u00eas passado e de interna\u00e7\u00f5es por S\u00edndromes Respirat\u00f3rias Graves (SRAG) at\u00e9 o dia 12 do mesmo m\u00eas.<\/span><\/p>\n<p><span style=\"font-weight: 400;\">Conforme o levantamento, a m\u00e9dia de casos confirmados no munic\u00edpio obteve aumento de 41%, at\u00e9 o dia 26, em compara\u00e7\u00e3o ao dia 12. A maioria das pessoas infectadas \u00e9 composta por adultos de 20 a 59 anos (68,5%) e os \u00f3bitos confirmados, foram de idosos (79,5% acima de 60 anos).<\/span><\/p>\n<p><span style=\"font-weight: 400;\">O grupo de pesquisa observou um crescimento da taxa de letalidade ao longo das \u00faltimas cinco semanas, sendo de 3,44% em 26 de setembro (em compara\u00e7\u00e3o com 3,34% em 22 de agosto).\u00a0<\/span><\/p>\n<p><b>Controle da pandemia<\/b><\/p>\n<p><span style=\"font-weight: 400;\">Um dos crit\u00e9rio utilizados pela Organiza\u00e7\u00e3o Mundial da Sa\u00fade (OMS), que demonstra controle da pandemia \u00e9 o\u00a0 N\u00famero de Reprodu\u00e7\u00e3o Efetivo (Rt). O \u00f3rg\u00e3o diz que\u00a0 os valores devem estar abaixo de 1 persistentemente por pelo menos duas semanas.\u00a0<\/span><\/p>\n<p><span style=\"font-weight: 400;\">Os pesquisadores analisaram o per\u00edodo entre os dias 22 de agosto e 26 de setembro. Conforme os dados, Juiz de Fora registrou um valor m\u00e1ximo de 1,61 no dia 16 de setembro e m\u00ednimo de 0,57 no dia 6 do mesmo m\u00eas. Al\u00e9m disso, o valor m\u00ednimo foi registrado no dia 26 do mesmo m\u00eas.<\/span><\/p>\n<p><span style=\"font-weight: 400;\">Conforme um dos colaboradores do estudo, M\u00e1rio Nogueira, \u201cEste indicador esteve acima de 1 em v\u00e1rios dias nas duas \u00faltimas semanas, o que, juntamente com o aumento na m\u00e9dia m\u00f3vel dos casos, indica que a epidemia ainda n\u00e3o est\u00e1 controlada na cidade\u201d.<\/span><\/p>\n<p><b>Categorias de vulnerabilidade social<\/b><\/p>\n<p><span style=\"font-weight: 400;\">A nota t\u00e9cnica apresenta tamb\u00e9m as categorias de vulnerabilidade juizforana com base na estima\u00e7\u00e3o do \u00cdndice de Vulnerabilidade da Sa\u00fade (IVS). Este quesito \u00e9 calculado com uma combina\u00e7\u00e3o de vari\u00e1veis socioecon\u00f4micas e ambientais como o percentual de domic\u00edlios com abastecimento de \u00e1gua inadequado ou ausente; percentual de domic\u00edlios com esgotamento sanit\u00e1rio inadequado ou ausente; percentual de domic\u00edlios com destino do lixo de forma inadequada ou ausente; raz\u00e3o de moradores por domic\u00edlio; percentual de pessoas analfabetas; percentual de domic\u00edlios com rendimento per capita at\u00e9 \u00bd sal\u00e1rio m\u00ednimo; rendimento nominal mensal m\u00e9dio das pessoas respons\u00e1veis e percentual de pessoas pretas, pardas e ind\u00edgenas.\u00a0<\/span><\/p>\n<p><span style=\"font-weight: 400;\">Em todos os n\u00edveis da vulnerabilidade, a maior taxa de novas notifica\u00e7\u00f5es foi registrada no per\u00edodo de 19 a 25 de julho. Nas \u00faltimas semanas, foi observada estabilidade em valores mais altos. Conforme Nogueira:<\/span><\/p>\n<p><span style=\"font-weight: 400;\">\u201cA principal diferen\u00e7a foi que os residentes em regi\u00f5es de baixa e m\u00e9dia vulnerabilidade social foram notificados principalmente em unidades hospitalares, enquanto os de regi\u00f5es de alta vulnerabilidade social nas Unidades B\u00e1sicas de Sa\u00fade (UBS) do munic\u00edpio\u201d esclarece.<\/span><\/p>\n<p><span style=\"font-weight: 400;\">De acordo com a nota, as regi\u00f5es urbanas de Juiz de Fora com mais de 400 casos suspeitos de Covid-19, pela ordem decrescente, foram Centro, S\u00e3o Mateus, Benfica, Santa Cruz, Progresso, S\u00e3o Pedro e Bandeirantes, com uma concentra\u00e7\u00e3o maior de casos nas regi\u00f5es Central e Norte do munic\u00edpio.<\/span><\/p>\n<p>&nbsp;<\/p>\n","protected":false},"excerpt":{"rendered":"<p>A nota t\u00e9cnica elaborada pelo grupo de modelagem epidemiol\u00f3gica da Covid-19, composto por pesquisadores da Universidade Federal de Juiz de Fora (UFJF), indica que o munic\u00edpio tem tido crescente aumento do n\u00famero de casos e mortes confirmadas por Coronav\u00edrus. Foram analisados dados at\u00e9 o dia 26 de setembro. Est\u00e3o inclu\u00eddas as notifica\u00e7\u00f5es de casos suspeitos [&hellip;]<\/p>\n","protected":false},"author":96,"featured_media":170150,"comment_status":"closed","ping_status":"closed","sticky":false,"template":"","format":"standard","meta":{"footnotes":""},"categories":[253,436,440,439],"tags":[],"class_list":["post-170149","post","type-post","status-publish","format-standard","has-post-thumbnail","hentry","category-cidade","category-destaque-da-semana","category-destaques-do-dia","category-ultima-hora"],"_links":{"self":[{"href":"https:\/\/diarioregionaldigital.com.br\/index.php?rest_route=\/wp\/v2\/posts\/170149","targetHints":{"allow":["GET"]}}],"collection":[{"href":"https:\/\/diarioregionaldigital.com.br\/index.php?rest_route=\/wp\/v2\/posts"}],"about":[{"href":"https:\/\/diarioregionaldigital.com.br\/index.php?rest_route=\/wp\/v2\/types\/post"}],"author":[{"embeddable":true,"href":"https:\/\/diarioregionaldigital.com.br\/index.php?rest_route=\/wp\/v2\/users\/96"}],"replies":[{"embeddable":true,"href":"https:\/\/diarioregionaldigital.com.br\/index.php?rest_route=%2Fwp%2Fv2%2Fcomments&post=170149"}],"version-history":[{"count":0,"href":"https:\/\/diarioregionaldigital.com.br\/index.php?rest_route=\/wp\/v2\/posts\/170149\/revisions"}],"wp:featuredmedia":[{"embeddable":true,"href":"https:\/\/diarioregionaldigital.com.br\/index.php?rest_route=\/wp\/v2\/media\/170150"}],"wp:attachment":[{"href":"https:\/\/diarioregionaldigital.com.br\/index.php?rest_route=%2Fwp%2Fv2%2Fmedia&parent=170149"}],"wp:term":[{"taxonomy":"category","embeddable":true,"href":"https:\/\/diarioregionaldigital.com.br\/index.php?rest_route=%2Fwp%2Fv2%2Fcategories&post=170149"},{"taxonomy":"post_tag","embeddable":true,"href":"https:\/\/diarioregionaldigital.com.br\/index.php?rest_route=%2Fwp%2Fv2%2Ftags&post=170149"}],"curies":[{"name":"wp","href":"https:\/\/api.w.org\/{rel}","templated":true}]}}