{"id":170146,"date":"2020-10-01T13:46:05","date_gmt":"2020-10-01T16:46:05","guid":{"rendered":"https:\/\/diarioregionaldigital.com.br\/?p=170146"},"modified":"2020-10-01T13:46:05","modified_gmt":"2020-10-01T16:46:05","slug":"corpo-de-bombeiros-combate-incendio-de-caminhao-em-santos-dumont","status":"publish","type":"post","link":"https:\/\/diarioregionaldigital.com.br\/?p=170146","title":{"rendered":"Corpo de Bombeiros combate inc\u00eandio de caminh\u00e3o em Santos Dumont"},"content":{"rendered":"<p>O Corpo de Bombeiros atendeu a uma ocorr\u00eancia de um caminh\u00e3o, que pegou fogo no Km 749 da BR-040, pr\u00f3ximo ao munic\u00edpio de Santos Dumont. De acordo com o motorista, o inc\u00eandio teve in\u00edcio <span style=\"font-weight: 400;\">ap\u00f3s um problema mec\u00e2nico. Duas viaturas foram ao local e as chamas foram controladas pelos Bombeiros. O referido ve\u00edculo transportava ferragens.<\/span><\/p>\n","protected":false},"excerpt":{"rendered":"<p>O Corpo de Bombeiros atendeu a uma ocorr\u00eancia de um caminh\u00e3o, que pegou fogo no Km 749 da BR-040, pr\u00f3ximo ao munic\u00edpio de Santos Dumont. De acordo com o motorista, o inc\u00eandio teve in\u00edcio ap\u00f3s um problema mec\u00e2nico. Duas viaturas foram ao local e as chamas foram controladas pelos Bombeiros. O referido ve\u00edculo transportava ferragens.<\/p>\n","protected":false},"author":96,"featured_media":170147,"comment_status":"closed","ping_status":"closed","sticky":false,"template":"","format":"standard","meta":{"footnotes":""},"categories":[436,440,252,439],"tags":[],"class_list":["post-170146","post","type-post","status-publish","format-standard","has-post-thumbnail","hentry","category-destaque-da-semana","category-destaques-do-dia","category-regiao","category-ultima-hora"],"_links":{"self":[{"href":"https:\/\/diarioregionaldigital.com.br\/index.php?rest_route=\/wp\/v2\/posts\/170146","targetHints":{"allow":["GET"]}}],"collection":[{"href":"https:\/\/diarioregionaldigital.com.br\/index.php?rest_route=\/wp\/v2\/posts"}],"about":[{"href":"https:\/\/diarioregionaldigital.com.br\/index.php?rest_route=\/wp\/v2\/types\/post"}],"author":[{"embeddable":true,"href":"https:\/\/diarioregionaldigital.com.br\/index.php?rest_route=\/wp\/v2\/users\/96"}],"replies":[{"embeddable":true,"href":"https:\/\/diarioregionaldigital.com.br\/index.php?rest_route=%2Fwp%2Fv2%2Fcomments&post=170146"}],"version-history":[{"count":0,"href":"https:\/\/diarioregionaldigital.com.br\/index.php?rest_route=\/wp\/v2\/posts\/170146\/revisions"}],"wp:featuredmedia":[{"embeddable":true,"href":"https:\/\/diarioregionaldigital.com.br\/index.php?rest_route=\/wp\/v2\/media\/170147"}],"wp:attachment":[{"href":"https:\/\/diarioregionaldigital.com.br\/index.php?rest_route=%2Fwp%2Fv2%2Fmedia&parent=170146"}],"wp:term":[{"taxonomy":"category","embeddable":true,"href":"https:\/\/diarioregionaldigital.com.br\/index.php?rest_route=%2Fwp%2Fv2%2Fcategories&post=170146"},{"taxonomy":"post_tag","embeddable":true,"href":"https:\/\/diarioregionaldigital.com.br\/index.php?rest_route=%2Fwp%2Fv2%2Ftags&post=170146"}],"curies":[{"name":"wp","href":"https:\/\/api.w.org\/{rel}","templated":true}]}}