{"id":170144,"date":"2020-10-01T13:33:00","date_gmt":"2020-10-01T16:33:00","guid":{"rendered":"https:\/\/diarioregionaldigital.com.br\/?p=170144"},"modified":"2020-10-01T13:33:00","modified_gmt":"2020-10-01T16:33:00","slug":"governo-de-minas-divulga-escala-de-pagamento-dos-servidores","status":"publish","type":"post","link":"https:\/\/diarioregionaldigital.com.br\/?p=170144","title":{"rendered":"Governo de Minas divulga escala de pagamento dos servidores"},"content":{"rendered":"<p>O\u00a0<a href=\"http:\/\/www.mg.gov.br\/\" target=\"_blank\" rel=\"noopener noreferrer\">Governo de Minas<\/a>\u00a0anunciou, nesta quinta-feira (1\/10), a escala de pagamento do sal\u00e1rio dos servidores estaduais referente ao m\u00eas de setembro.<\/p>\n<p>O sal\u00e1rio integral das \u00e1reas de Sa\u00fade e Seguran\u00e7a, que atuam na linha de frente do combate ao coronav\u00edrus, ser\u00e1 depositado no dia 9\/10, juntamente com a primeira parcela, no valor de R$ 2 mil,\u00a0das demais categorias do funcionalismo.<\/p>\n<p>No dia 21\/10, os servidores recebem a segunda parcela. Ser\u00e3o utilizados recursos do Tesouro Estadual.<\/p>\n<p><strong>Fonte:\u00a0<\/strong>Ag\u00eancia Minas<\/p>\n","protected":false},"excerpt":{"rendered":"<p>O\u00a0Governo de Minas\u00a0anunciou, nesta quinta-feira (1\/10), a escala de pagamento do sal\u00e1rio dos servidores estaduais referente ao m\u00eas de setembro. O sal\u00e1rio integral das \u00e1reas de Sa\u00fade e Seguran\u00e7a, que atuam na linha de frente do combate ao coronav\u00edrus, ser\u00e1 depositado no dia 9\/10, juntamente com a primeira parcela, no valor de R$ 2 mil,\u00a0das [&hellip;]<\/p>\n","protected":false},"author":96,"featured_media":169933,"comment_status":"closed","ping_status":"closed","sticky":false,"template":"","format":"standard","meta":{"footnotes":""},"categories":[436,261,439],"tags":[],"class_list":["post-170144","post","type-post","status-publish","format-standard","has-post-thumbnail","hentry","category-destaque-da-semana","category-economia","category-ultima-hora"],"_links":{"self":[{"href":"https:\/\/diarioregionaldigital.com.br\/index.php?rest_route=\/wp\/v2\/posts\/170144","targetHints":{"allow":["GET"]}}],"collection":[{"href":"https:\/\/diarioregionaldigital.com.br\/index.php?rest_route=\/wp\/v2\/posts"}],"about":[{"href":"https:\/\/diarioregionaldigital.com.br\/index.php?rest_route=\/wp\/v2\/types\/post"}],"author":[{"embeddable":true,"href":"https:\/\/diarioregionaldigital.com.br\/index.php?rest_route=\/wp\/v2\/users\/96"}],"replies":[{"embeddable":true,"href":"https:\/\/diarioregionaldigital.com.br\/index.php?rest_route=%2Fwp%2Fv2%2Fcomments&post=170144"}],"version-history":[{"count":0,"href":"https:\/\/diarioregionaldigital.com.br\/index.php?rest_route=\/wp\/v2\/posts\/170144\/revisions"}],"wp:featuredmedia":[{"embeddable":true,"href":"https:\/\/diarioregionaldigital.com.br\/index.php?rest_route=\/wp\/v2\/media\/169933"}],"wp:attachment":[{"href":"https:\/\/diarioregionaldigital.com.br\/index.php?rest_route=%2Fwp%2Fv2%2Fmedia&parent=170144"}],"wp:term":[{"taxonomy":"category","embeddable":true,"href":"https:\/\/diarioregionaldigital.com.br\/index.php?rest_route=%2Fwp%2Fv2%2Fcategories&post=170144"},{"taxonomy":"post_tag","embeddable":true,"href":"https:\/\/diarioregionaldigital.com.br\/index.php?rest_route=%2Fwp%2Fv2%2Ftags&post=170144"}],"curies":[{"name":"wp","href":"https:\/\/api.w.org\/{rel}","templated":true}]}}