{"id":170141,"date":"2020-10-01T11:08:05","date_gmt":"2020-10-01T14:08:05","guid":{"rendered":"https:\/\/diarioregionaldigital.com.br\/?p=170141"},"modified":"2020-10-01T11:08:05","modified_gmt":"2020-10-01T14:08:05","slug":"pandemia-vai-provocar-deficit-substancial-nas-contas-publicas-apontam-consultores-do-orcamento","status":"publish","type":"post","link":"https:\/\/diarioregionaldigital.com.br\/?p=170141","title":{"rendered":"Pandemia vai provocar &#8216;d\u00e9ficit substancial&#8217; nas contas p\u00fablicas, apontam consultores do Or\u00e7amento"},"content":{"rendered":"<p><span style=\"font-weight: 400;\">A pandemia de coronav\u00edrus deve provocar \u201cum d\u00e9ficit substancial\u201d nas contas p\u00fablicas em 2021. A conclus\u00e3o \u00e9 de uma nota t\u00e9cnica conjunta publicada na quarta-feira (30) pelas consultorias de Or\u00e7amento do Senado e da C\u00e2mara. O projeto de Lei Or\u00e7ament\u00e1ria Anual (PLN 28\/20) enviado em agosto ao Congresso Nacional estima o d\u00e9ficit prim\u00e1rio do governo central para o pr\u00f3ximo ano em R$ 233,6 bilh\u00f5es. Segundo a nota t\u00e9cnica, a cifra equivale a 3% do Produto Interno Bruto (PIB).<\/span><\/p>\n<p><span style=\"font-weight: 400;\">Embora este seja o pior resultado registrado desde 2002, a consultoria or\u00e7ament\u00e1ria das duas Casas reconhece que o d\u00e9ficit projetado para pr\u00f3ximo ano representa um \u201cnot\u00e1vel ajuste fiscal\u201d em rela\u00e7\u00e3o a 2020. As medidas emergenciais adotadas para o enfrentamento da Covid-19 devem gerar um rombo equivalente a 12,1% do PIB neste ano.<\/span><\/p>\n<p><span style=\"font-weight: 400;\">De acordo com a nota t\u00e9cnica, o PLN 28\/2020 prev\u00ea recupera\u00e7\u00e3o da atividade econ\u00f4mica a partir de 2021. Apesar de uma expectativa de contra\u00e7\u00e3o de 4,7% do PIB em 2020, a previs\u00e3o \u00e9 de expans\u00e3o de 3,2% no pr\u00f3ximo ano. O documento registra, no entanto, que \u201co crescimento econ\u00f4mico projetado em 2021 n\u00e3o \u00e9 suficiente para recuperar as perdas de 2020\u201d. O restabelecimento da atividade econ\u00f4mica ao n\u00edvel de 2019 s\u00f3 deve ocorrer em 2022.<\/span><\/p>\n<p><span style=\"font-weight: 400;\">O PLN 28\/20 prev\u00ea um or\u00e7amento de R$ 4,29 trilh\u00f5es em 2021. No entanto, segundo a nota conjunta, \u201cparcelas dessas proje\u00e7\u00f5es n\u00e3o correspondem rigorosamente \u00e0 estimativa de receita nem \u00e0 fixa\u00e7\u00e3o de despesa\u201d. Isso porque R$ 453,7 bilh\u00f5es adv\u00eam de opera\u00e7\u00f5es de cr\u00e9dito que ultrapassam o limite constitucional. S\u00e3o empr\u00e9stimos que precisam ser aprovados pelo Congresso, com valor equivalente a 10,5% da proposta or\u00e7ament\u00e1ria.<\/span><\/p>\n<p><span style=\"font-weight: 400;\">A nota t\u00e9cnica destaca ainda que o PLN reserva R$ 98,9 bilh\u00f5es para manuten\u00e7\u00e3o e desenvolvimento do ensino. O m\u00ednimo previsto pela Constitui\u00e7\u00e3o \u00e9 de R$ 55,6 bilh\u00f5es. Na \u00e1rea da sa\u00fade, o piso constitucional \u00e9 de R$ 123,8 bilh\u00f5es em 2021. O projeto destina R$ 124,6 bilh\u00f5es para a\u00e7\u00f5es e servi\u00e7os p\u00fablicos de sa\u00fade. Adicionalmente, devem ser aplicados outros R$ 729,3 milh\u00f5es no setor da sa\u00fade, decorrentes de receitas de royalties e de participa\u00e7\u00e3o especial pela explora\u00e7\u00e3o de petr\u00f3leo e g\u00e1s natural.<\/span><\/p>\n<p><span style=\"font-weight: 400;\">Segundo o documento, a Uni\u00e3o deve gastar R$ 363,7 bilh\u00f5es com pessoal e encargos sociais em 2021. O montante \u00e9 5,36% superior ao total de gastos autorizados para este ano. O d\u00e9ficit consolidado para o regime pr\u00f3prio de previd\u00eancia dos servidores e para as pens\u00f5es dos militares \u00e9 estimado em R$ 63,6 bilh\u00f5es \u2014 o equivalente a 0,83% do PIB. As despesas do Regime Geral de Previd\u00eancia Social devem alcan\u00e7ar R$ 712 bilh\u00f5es, crescimento nominal de 5,1% em rela\u00e7\u00e3o a 2020. O d\u00e9ficit estimado \u00e9 de R$ 294,5 bilh\u00f5es \u2014 ou 3,8% do PIB.<\/span><\/p>\n<p><strong>Fonte:\u00a0<\/strong>Ag\u00eancia C\u00e2mara<\/p>\n","protected":false},"excerpt":{"rendered":"<p>A pandemia de coronav\u00edrus deve provocar \u201cum d\u00e9ficit substancial\u201d nas contas p\u00fablicas em 2021. A conclus\u00e3o \u00e9 de uma nota t\u00e9cnica conjunta publicada na quarta-feira (30) pelas consultorias de Or\u00e7amento do Senado e da C\u00e2mara. O projeto de Lei Or\u00e7ament\u00e1ria Anual (PLN 28\/20) enviado em agosto ao Congresso Nacional estima o d\u00e9ficit prim\u00e1rio do governo [&hellip;]<\/p>\n","protected":false},"author":96,"featured_media":170142,"comment_status":"closed","ping_status":"closed","sticky":false,"template":"","format":"standard","meta":{"footnotes":""},"categories":[436,261,439],"tags":[],"class_list":["post-170141","post","type-post","status-publish","format-standard","has-post-thumbnail","hentry","category-destaque-da-semana","category-economia","category-ultima-hora"],"_links":{"self":[{"href":"https:\/\/diarioregionaldigital.com.br\/index.php?rest_route=\/wp\/v2\/posts\/170141","targetHints":{"allow":["GET"]}}],"collection":[{"href":"https:\/\/diarioregionaldigital.com.br\/index.php?rest_route=\/wp\/v2\/posts"}],"about":[{"href":"https:\/\/diarioregionaldigital.com.br\/index.php?rest_route=\/wp\/v2\/types\/post"}],"author":[{"embeddable":true,"href":"https:\/\/diarioregionaldigital.com.br\/index.php?rest_route=\/wp\/v2\/users\/96"}],"replies":[{"embeddable":true,"href":"https:\/\/diarioregionaldigital.com.br\/index.php?rest_route=%2Fwp%2Fv2%2Fcomments&post=170141"}],"version-history":[{"count":0,"href":"https:\/\/diarioregionaldigital.com.br\/index.php?rest_route=\/wp\/v2\/posts\/170141\/revisions"}],"wp:featuredmedia":[{"embeddable":true,"href":"https:\/\/diarioregionaldigital.com.br\/index.php?rest_route=\/wp\/v2\/media\/170142"}],"wp:attachment":[{"href":"https:\/\/diarioregionaldigital.com.br\/index.php?rest_route=%2Fwp%2Fv2%2Fmedia&parent=170141"}],"wp:term":[{"taxonomy":"category","embeddable":true,"href":"https:\/\/diarioregionaldigital.com.br\/index.php?rest_route=%2Fwp%2Fv2%2Fcategories&post=170141"},{"taxonomy":"post_tag","embeddable":true,"href":"https:\/\/diarioregionaldigital.com.br\/index.php?rest_route=%2Fwp%2Fv2%2Ftags&post=170141"}],"curies":[{"name":"wp","href":"https:\/\/api.w.org\/{rel}","templated":true}]}}