{"id":170132,"date":"2020-10-01T10:40:37","date_gmt":"2020-10-01T13:40:37","guid":{"rendered":"https:\/\/diarioregionaldigital.com.br\/?p=170132"},"modified":"2020-10-01T10:40:37","modified_gmt":"2020-10-01T13:40:37","slug":"covid-19-minas-gerais-acumula-mais-3-438-novos-casos-da-doenca","status":"publish","type":"post","link":"https:\/\/diarioregionaldigital.com.br\/?p=170132","title":{"rendered":"Covid-19: Minas Gerais acumula mais 3.438 novos casos da doen\u00e7a"},"content":{"rendered":"<p>O novo\u00a0<a href=\"https:\/\/www.saude.mg.gov.br\/images\/noticias_e_eventos\/000_2020\/Boletins_Corona\/01.10Boletim-Epidemiologico_COVID-19_MG_.pdf\">boletim epidemiol\u00f3gico<\/a> divulgado nesta quinta-feira (1) pela Secretaria de Estado da Sa\u00fade de Minas Gerais (SES-MG), informa que nas \u00faltimas 24h, o estado registrou aumento de mais 3.438 novos casos de Coronav\u00edrus, totalizando 298.607 pessoas infectadas. Conforme o levantamento, foram registrados mais 76 \u00f3bitos, acumulando 7.436 mortes pela doen\u00e7a. Os dados indicam que 4.213 v\u00edtimas s\u00e3o do sexo masculino e 3.205 s\u00e3o do feminino. Al\u00e9m disso, 263.599 pacientes est\u00e3o recuperados da doen\u00e7a, representando 88,2% dos casos e 27.572 fazem acompanhamento m\u00e9dico.<\/p>\n<p>Conforme a SES-MG, foram feitos 143.582 testes laboratoriais, sendo que 37.311 deram positivo, 102.008 deram negativo e 1.404 est\u00e3o sob an\u00e1lise. Quanto aos dados de hospitaliza\u00e7\u00e3o, 29.567 pessoas est\u00e3o internadas e 269.040 est\u00e3o em isolamento domiciliar.<\/p>\n","protected":false},"excerpt":{"rendered":"<p>O novo\u00a0boletim epidemiol\u00f3gico divulgado nesta quinta-feira (1) pela Secretaria de Estado da Sa\u00fade de Minas Gerais (SES-MG), informa que nas \u00faltimas 24h, o estado registrou aumento de mais 3.438 novos casos de Coronav\u00edrus, totalizando 298.607 pessoas infectadas. Conforme o levantamento, foram registrados mais 76 \u00f3bitos, acumulando 7.436 mortes pela doen\u00e7a. Os dados indicam que 4.213 [&hellip;]<\/p>\n","protected":false},"author":96,"featured_media":163486,"comment_status":"closed","ping_status":"closed","sticky":false,"template":"","format":"standard","meta":{"footnotes":""},"categories":[436,440,252,439],"tags":[],"class_list":["post-170132","post","type-post","status-publish","format-standard","has-post-thumbnail","hentry","category-destaque-da-semana","category-destaques-do-dia","category-regiao","category-ultima-hora"],"_links":{"self":[{"href":"https:\/\/diarioregionaldigital.com.br\/index.php?rest_route=\/wp\/v2\/posts\/170132","targetHints":{"allow":["GET"]}}],"collection":[{"href":"https:\/\/diarioregionaldigital.com.br\/index.php?rest_route=\/wp\/v2\/posts"}],"about":[{"href":"https:\/\/diarioregionaldigital.com.br\/index.php?rest_route=\/wp\/v2\/types\/post"}],"author":[{"embeddable":true,"href":"https:\/\/diarioregionaldigital.com.br\/index.php?rest_route=\/wp\/v2\/users\/96"}],"replies":[{"embeddable":true,"href":"https:\/\/diarioregionaldigital.com.br\/index.php?rest_route=%2Fwp%2Fv2%2Fcomments&post=170132"}],"version-history":[{"count":0,"href":"https:\/\/diarioregionaldigital.com.br\/index.php?rest_route=\/wp\/v2\/posts\/170132\/revisions"}],"wp:featuredmedia":[{"embeddable":true,"href":"https:\/\/diarioregionaldigital.com.br\/index.php?rest_route=\/wp\/v2\/media\/163486"}],"wp:attachment":[{"href":"https:\/\/diarioregionaldigital.com.br\/index.php?rest_route=%2Fwp%2Fv2%2Fmedia&parent=170132"}],"wp:term":[{"taxonomy":"category","embeddable":true,"href":"https:\/\/diarioregionaldigital.com.br\/index.php?rest_route=%2Fwp%2Fv2%2Fcategories&post=170132"},{"taxonomy":"post_tag","embeddable":true,"href":"https:\/\/diarioregionaldigital.com.br\/index.php?rest_route=%2Fwp%2Fv2%2Ftags&post=170132"}],"curies":[{"name":"wp","href":"https:\/\/api.w.org\/{rel}","templated":true}]}}