{"id":170124,"date":"2020-10-01T06:00:14","date_gmt":"2020-10-01T09:00:14","guid":{"rendered":"https:\/\/diarioregionaldigital.com.br\/?p=170124"},"modified":"2020-10-01T00:18:33","modified_gmt":"2020-10-01T03:18:33","slug":"prefeitura-municipal-de-tocantins-processo-no114-01-10-2020","status":"publish","type":"post","link":"https:\/\/diarioregionaldigital.com.br\/?p=170124","title":{"rendered":"Prefeitura Municipal de Tocantins &#8211; Processo n\u00ba114 &#8211; 01\/10\/2020"},"content":{"rendered":"<p style=\"text-align: center;\"><strong>PREFEITURA MUNICIPAL DE TOCANTINS\/MG<\/strong><\/p>\n<p style=\"text-align: center;\"><strong>Processo n\u00b0 114\/2020<\/strong><\/p>\n<p style=\"text-align: center;\"><strong>Dispensa n\u00b0 056\/2020<\/strong><\/p>\n<p style=\"text-align: center;\"><strong>RATIFICA\u00c7\u00c3O<\/strong><\/p>\n<p style=\"text-align: center;\">\u00a0\u00a0\u00a0\u00a0\u00a0\u00a0\u00a0\u00a0\u00a0\u00a0\u00a0 O Prefeito Municipal de TOCANTINS, no uso de suas atribui\u00e7\u00f5es legais, com fulcro art. 24, inciso I da Lei n\u00b0 8.666\/93 e suas posteriores altera\u00e7\u00f5es, pelo presente ato, ratifica a dispensa de CONTRATA\u00c7\u00c3O DE SERVI\u00c7OS PARA EXECU\u00c7\u00c3O DE OBRAS DE ENGENHARIA CONFORME ESPECIFICADO. JUSTIFICA-SE PELA NECESSIDADE DE PAVIMENTA\u00c7\u00c3O COM BLOQUETES EM VARIAS VIAS VISANDO A MELHORIA DE VIDA DA POPULA\u00c7\u00c3O DESTE MUNIC\u00cdPIO.<\/p>\n<p style=\"text-align: center;\"><strong>\u00a0\u00a0\u00a0\u00a0\u00a0\u00a0\u00a0\u00a0\u00a0\u00a0\u00a0 Mendes Costa Industria de Pre-Moldados LTDA-EPP &#8211; CNPJ: 16.384.831\/0001-44<\/strong><\/p>\n<p style=\"text-align: center;\">\u00a0\u00a0\u00a0\u00a0\u00a0\u00a0\u00a0\u00a0\u00a0\u00a0\u00a0\u00a0\u00a0\u00a0\u00a0 Valor Total de R$ 22.550,00 (vinte e dois mil e quinhentos e cinquenta reais)<\/p>\n<p style=\"text-align: center;\">TOCANTINS, 23 de Setembro de 2020.<\/p>\n<p style=\"text-align: center;\"><strong>____________________________________________<\/strong><\/p>\n<p style=\"text-align: center;\"><strong>Ieder Washington de Oliveira<\/strong><\/p>\n<p style=\"text-align: center;\"><strong>Prefeito Municipal<\/strong><\/p>\n","protected":false},"excerpt":{"rendered":"<p>PREFEITURA MUNICIPAL DE TOCANTINS\/MG Processo n\u00b0 114\/2020 Dispensa n\u00b0 056\/2020 RATIFICA\u00c7\u00c3O \u00a0\u00a0\u00a0\u00a0\u00a0\u00a0\u00a0\u00a0\u00a0\u00a0\u00a0 O Prefeito Municipal de TOCANTINS, no uso de suas atribui\u00e7\u00f5es legais, com fulcro art. 24, inciso I da Lei n\u00b0 8.666\/93 e suas posteriores altera\u00e7\u00f5es, pelo presente ato, ratifica a dispensa de CONTRATA\u00c7\u00c3O DE SERVI\u00c7OS PARA EXECU\u00c7\u00c3O DE OBRAS DE ENGENHARIA CONFORME ESPECIFICADO. [&hellip;]<\/p>\n","protected":false},"author":96,"featured_media":0,"comment_status":"closed","ping_status":"closed","sticky":false,"template":"","format":"standard","meta":{"footnotes":""},"categories":[307],"tags":[],"class_list":["post-170124","post","type-post","status-publish","format-standard","hentry","category-editais"],"_links":{"self":[{"href":"https:\/\/diarioregionaldigital.com.br\/index.php?rest_route=\/wp\/v2\/posts\/170124","targetHints":{"allow":["GET"]}}],"collection":[{"href":"https:\/\/diarioregionaldigital.com.br\/index.php?rest_route=\/wp\/v2\/posts"}],"about":[{"href":"https:\/\/diarioregionaldigital.com.br\/index.php?rest_route=\/wp\/v2\/types\/post"}],"author":[{"embeddable":true,"href":"https:\/\/diarioregionaldigital.com.br\/index.php?rest_route=\/wp\/v2\/users\/96"}],"replies":[{"embeddable":true,"href":"https:\/\/diarioregionaldigital.com.br\/index.php?rest_route=%2Fwp%2Fv2%2Fcomments&post=170124"}],"version-history":[{"count":0,"href":"https:\/\/diarioregionaldigital.com.br\/index.php?rest_route=\/wp\/v2\/posts\/170124\/revisions"}],"wp:attachment":[{"href":"https:\/\/diarioregionaldigital.com.br\/index.php?rest_route=%2Fwp%2Fv2%2Fmedia&parent=170124"}],"wp:term":[{"taxonomy":"category","embeddable":true,"href":"https:\/\/diarioregionaldigital.com.br\/index.php?rest_route=%2Fwp%2Fv2%2Fcategories&post=170124"},{"taxonomy":"post_tag","embeddable":true,"href":"https:\/\/diarioregionaldigital.com.br\/index.php?rest_route=%2Fwp%2Fv2%2Ftags&post=170124"}],"curies":[{"name":"wp","href":"https:\/\/api.w.org\/{rel}","templated":true}]}}