{"id":170122,"date":"2020-10-01T06:00:22","date_gmt":"2020-10-01T09:00:22","guid":{"rendered":"https:\/\/diarioregionaldigital.com.br\/?p=170122"},"modified":"2021-01-19T22:13:24","modified_gmt":"2021-01-20T01:13:24","slug":"prefeitura-municipal-de-matias-barbosa-pregao-no08-01-10-2020","status":"publish","type":"post","link":"https:\/\/diarioregionaldigital.com.br\/?p=170122","title":{"rendered":"C\u00e2mara Municipal de Matias Barbosa &#8211; Preg\u00e3o n\u00ba08 &#8211; 01\/10\/2020"},"content":{"rendered":"<p style=\"text-align: center;\"><strong>AVISO DE LICITA\u00c7\u00c3O<\/strong><\/p>\n<p style=\"text-align: center;\"><strong>PROCESSO LICITAT\u00d3RIO N\u00ba. 45\/2020<\/strong><\/p>\n<p style=\"text-align: center;\"><strong>PREG\u00c3O N\u00ba.08\/2020<\/strong><\/p>\n<p><strong>OBJETO<\/strong>: Contrata\u00e7\u00e3o de empresa especializada de forma cont\u00ednua para presta\u00e7\u00e3o de servi\u00e7o de loca\u00e7\u00e3o de impressoras\/copiadoras\/scaner a fim de suprir as necessidades funcionais da C\u00e2mara Municipal de Matias Barbosa. O servi\u00e7o inclui o fornecimento de m\u00e1quinas e seus acess\u00f3rios, suprimentos inclusos, consum\u00edveis (toner\/cilindro) assist\u00eancia t\u00e9cnica, manuten\u00e7\u00e3o (com fornecimento de pe\u00e7as e componentes), exceto papel, bem como qualquer outro elemento necess\u00e1rio \u00e0 presta\u00e7\u00e3o dos servi\u00e7os para a C\u00e2mara Municipal de Matias Barbosa, conforme condi\u00e7\u00f5es, quantidades e exig\u00eancias estabelecidas neste edital e seus anexos.<\/p>\n<p><strong>SETOR REQUISITANTE: <\/strong>Inform\u00e1tica<\/p>\n<p><strong>ENTREGA E ABERTURA DOS ENVELOPES DE \u201cHABILITA\u00c7\u00c3O\u201d E \u201cPROPOSTA<\/strong><\/p>\n<p><strong>DATA<\/strong>: 14\/10\/2020<\/p>\n<p><strong>HOR\u00c1RIO<\/strong>: 09:00 horas<\/p>\n<p><strong>LOCAL: <\/strong>Sala de reuni\u00f5es da C\u00e2mara Municipal de Matias Barbosa, situada na Avenida Engenheiro Paulo Brand\u00e3o, n\u00b0380, Loteamento Parque dos Sabi\u00e1s na cidade de Matias Barbosa &#8211; MG. CEP: 36.120-000<\/p>\n<p><strong>CONSULTAS AO EDITAL E DIVULGA\u00c7\u00c3O DE INFORMA\u00c7\u00d5ES: No site <\/strong>C\u00e2mara Municipal,<a href=\"http:\/\/www.cmmb.mg.leg.br\/\">www.cmmb.mg.leg.br.<\/a><\/p>\n<p><strong>ESCLARECIMENTOS<\/strong>:\u00a0\u00a0 Eventuais\u00a0\u00a0\u00a0 d\u00favidas\u00a0\u00a0\u00a0 podem\u00a0\u00a0\u00a0 ser\u00a0\u00a0\u00a0 esclarecidas\u00a0\u00a0\u00a0 atrav\u00e9s\u00a0\u00a0\u00a0 do\u00a0\u00a0\u00a0 e-mail:<\/p>\n<p><a href=\"mailto:licitacao@matiasbarbosa.mg.leg.br\">licitacao@matiasbarbosa.mg.leg.br, <\/a>Fone: (32) 3273 5700 ou (32) 3273-5719.<\/p>\n","protected":false},"excerpt":{"rendered":"<p>AVISO DE LICITA\u00c7\u00c3O PROCESSO LICITAT\u00d3RIO N\u00ba. 45\/2020 PREG\u00c3O N\u00ba.08\/2020 OBJETO: Contrata\u00e7\u00e3o de empresa especializada de forma cont\u00ednua para presta\u00e7\u00e3o de servi\u00e7o de loca\u00e7\u00e3o de impressoras\/copiadoras\/scaner a fim de suprir as necessidades funcionais da C\u00e2mara Municipal de Matias Barbosa. O servi\u00e7o inclui o fornecimento de m\u00e1quinas e seus acess\u00f3rios, suprimentos inclusos, consum\u00edveis (toner\/cilindro) assist\u00eancia t\u00e9cnica, manuten\u00e7\u00e3o [&hellip;]<\/p>\n","protected":false},"author":96,"featured_media":0,"comment_status":"closed","ping_status":"closed","sticky":false,"template":"","format":"standard","meta":{"footnotes":""},"categories":[307],"tags":[],"class_list":["post-170122","post","type-post","status-publish","format-standard","hentry","category-editais"],"_links":{"self":[{"href":"https:\/\/diarioregionaldigital.com.br\/index.php?rest_route=\/wp\/v2\/posts\/170122","targetHints":{"allow":["GET"]}}],"collection":[{"href":"https:\/\/diarioregionaldigital.com.br\/index.php?rest_route=\/wp\/v2\/posts"}],"about":[{"href":"https:\/\/diarioregionaldigital.com.br\/index.php?rest_route=\/wp\/v2\/types\/post"}],"author":[{"embeddable":true,"href":"https:\/\/diarioregionaldigital.com.br\/index.php?rest_route=\/wp\/v2\/users\/96"}],"replies":[{"embeddable":true,"href":"https:\/\/diarioregionaldigital.com.br\/index.php?rest_route=%2Fwp%2Fv2%2Fcomments&post=170122"}],"version-history":[{"count":0,"href":"https:\/\/diarioregionaldigital.com.br\/index.php?rest_route=\/wp\/v2\/posts\/170122\/revisions"}],"wp:attachment":[{"href":"https:\/\/diarioregionaldigital.com.br\/index.php?rest_route=%2Fwp%2Fv2%2Fmedia&parent=170122"}],"wp:term":[{"taxonomy":"category","embeddable":true,"href":"https:\/\/diarioregionaldigital.com.br\/index.php?rest_route=%2Fwp%2Fv2%2Fcategories&post=170122"},{"taxonomy":"post_tag","embeddable":true,"href":"https:\/\/diarioregionaldigital.com.br\/index.php?rest_route=%2Fwp%2Fv2%2Ftags&post=170122"}],"curies":[{"name":"wp","href":"https:\/\/api.w.org\/{rel}","templated":true}]}}