{"id":170113,"date":"2020-10-01T06:00:46","date_gmt":"2020-10-01T09:00:46","guid":{"rendered":"https:\/\/diarioregionaldigital.com.br\/?p=170113"},"modified":"2020-09-30T23:30:51","modified_gmt":"2020-10-01T02:30:51","slug":"novo-e-atraente","status":"publish","type":"post","link":"https:\/\/diarioregionaldigital.com.br\/?p=170113","title":{"rendered":"Novo e Atraente"},"content":{"rendered":"<p style=\"text-align: center;\"><strong>No ar<\/strong><\/p>\n<p style=\"text-align: center;\">A TV C\u00e2mara de Juiz de Fora j\u00e1 iniciou a transmiss\u00e3o dos programas direcionados para os alunos da educa\u00e7\u00e3o infantil e educa\u00e7\u00e3o fundamental da rede municipal de ensino de Juiz de Fora. As exibi\u00e7\u00f5es do programa Cadinho e Prosa ser\u00e3o as ter\u00e7as, quartas e quintas, \u00e0s 9h.<\/p>\n<p style=\"text-align: center;\"><strong>Barulheira<\/strong><\/p>\n<p style=\"text-align: center;\">A pandemia estimulou o crescimento de v\u00e1rios servi\u00e7os incluindo as entregas por motos. Ocorre que, na esteira disso, ocorreu uma libera\u00e7\u00e3o branca de bandalhas nas ruas de Juiz de Fora. Hoje vemos motos de entrega fazendo o que querem, avan\u00e7ando sinais, trafegando pelas cal\u00e7adas. O barulho \u00e0s vezes do acelerador serve para aporrinhar cidad\u00e3o de bem e a guarda Municipal e a PM pouco pode fazer j\u00e1 que o barulho de motos existe.<\/p>\n<p style=\"text-align: center;\"><span style=\"font-size: 14pt;\"><strong>Novo e Atraente<\/strong><\/span><\/p>\n<p style=\"text-align: center;\">Buscando formas de brincar com a moda em tempos que pedem reinven\u00e7\u00f5es, os fashionistas tem usado um len\u00e7o por cima da m\u00e1scara para proteger o rosto sem deixar o estilo de lado. Com estampas discretas e cores secas, os len\u00e7os da By Candy arrasam.<\/p>\n<div id=\"attachment_170104\" style=\"width: 690px\" class=\"wp-caption aligncenter\"><img loading=\"lazy\" decoding=\"async\" aria-describedby=\"caption-attachment-170104\" class=\"wp-image-170104\" src=\"https:\/\/diarioregionaldigital.com.br\/wp-content\/uploads\/2020\/09\/fotoaa1-e1601517488621.jpg\" alt=\"\" width=\"680\" height=\"490\" srcset=\"https:\/\/diarioregionaldigital.com.br\/wp-content\/uploads\/2020\/09\/fotoaa1-e1601517488621.jpg 636w, https:\/\/diarioregionaldigital.com.br\/wp-content\/uploads\/2020\/09\/fotoaa1-e1601517488621-300x216.jpg 300w, https:\/\/diarioregionaldigital.com.br\/wp-content\/uploads\/2020\/09\/fotoaa1-e1601517488621-360x259.jpg 360w\" sizes=\"auto, (max-width: 680px) 100vw, 680px\" \/><p id=\"caption-attachment-170104\" class=\"wp-caption-text\">A elegante Dalva Westermann no auge dos seus 70 anos<\/p><\/div>\n<div id=\"attachment_170103\" style=\"width: 690px\" class=\"wp-caption aligncenter\"><img loading=\"lazy\" decoding=\"async\" aria-describedby=\"caption-attachment-170103\" class=\"wp-image-170103\" src=\"https:\/\/diarioregionaldigital.com.br\/wp-content\/uploads\/2020\/09\/fotoaa-10-e1601517460948.jpeg\" alt=\"\" width=\"680\" height=\"483\" srcset=\"https:\/\/diarioregionaldigital.com.br\/wp-content\/uploads\/2020\/09\/fotoaa-10-e1601517460948.jpeg 951w, https:\/\/diarioregionaldigital.com.br\/wp-content\/uploads\/2020\/09\/fotoaa-10-e1601517460948-300x213.jpeg 300w, https:\/\/diarioregionaldigital.com.br\/wp-content\/uploads\/2020\/09\/fotoaa-10-e1601517460948-768x546.jpeg 768w, https:\/\/diarioregionaldigital.com.br\/wp-content\/uploads\/2020\/09\/fotoaa-10-e1601517460948-360x256.jpeg 360w, https:\/\/diarioregionaldigital.com.br\/wp-content\/uploads\/2020\/09\/fotoaa-10-e1601517460948-100x70.jpeg 100w\" sizes=\"auto, (max-width: 680px) 100vw, 680px\" \/><p id=\"caption-attachment-170103\" class=\"wp-caption-text\">Curtindo B\u00fazios com sua cachorrinha Crystal a bonita Rose Oliveira<\/p><\/div>\n<div id=\"attachment_170102\" style=\"width: 690px\" class=\"wp-caption aligncenter\"><img loading=\"lazy\" decoding=\"async\" aria-describedby=\"caption-attachment-170102\" class=\"wp-image-170102\" src=\"https:\/\/diarioregionaldigital.com.br\/wp-content\/uploads\/2020\/09\/fotoa-4-e1601517427385.jpeg\" alt=\"\" width=\"680\" height=\"501\" srcset=\"https:\/\/diarioregionaldigital.com.br\/wp-content\/uploads\/2020\/09\/fotoa-4-e1601517427385.jpeg 950w, https:\/\/diarioregionaldigital.com.br\/wp-content\/uploads\/2020\/09\/fotoa-4-e1601517427385-300x221.jpeg 300w, https:\/\/diarioregionaldigital.com.br\/wp-content\/uploads\/2020\/09\/fotoa-4-e1601517427385-768x566.jpeg 768w, https:\/\/diarioregionaldigital.com.br\/wp-content\/uploads\/2020\/09\/fotoa-4-e1601517427385-360x265.jpeg 360w\" sizes=\"auto, (max-width: 680px) 100vw, 680px\" \/><p id=\"caption-attachment-170102\" class=\"wp-caption-text\">O cabeleireiro de astros e estrelas Allison Oliveira agora atuando no expediente no Sal\u00e3o Conceito 267, no Cascatinha<\/p><\/div>\n<div id=\"attachment_170106\" style=\"width: 690px\" class=\"wp-caption aligncenter\"><img loading=\"lazy\" decoding=\"async\" aria-describedby=\"caption-attachment-170106\" class=\"wp-image-170106\" src=\"https:\/\/diarioregionaldigital.com.br\/wp-content\/uploads\/2020\/09\/fotob-10-e1601517546817.jpg\" alt=\"\" width=\"680\" height=\"476\" srcset=\"https:\/\/diarioregionaldigital.com.br\/wp-content\/uploads\/2020\/09\/fotob-10-e1601517546817.jpg 750w, https:\/\/diarioregionaldigital.com.br\/wp-content\/uploads\/2020\/09\/fotob-10-e1601517546817-300x210.jpg 300w, https:\/\/diarioregionaldigital.com.br\/wp-content\/uploads\/2020\/09\/fotob-10-e1601517546817-360x252.jpg 360w, https:\/\/diarioregionaldigital.com.br\/wp-content\/uploads\/2020\/09\/fotob-10-e1601517546817-100x70.jpg 100w\" sizes=\"auto, (max-width: 680px) 100vw, 680px\" \/><p id=\"caption-attachment-170106\" class=\"wp-caption-text\">A beleza e a juventude sadia de Isadora Cordeiro em close para esta coluna social<\/p><\/div>\n<div id=\"attachment_170105\" style=\"width: 690px\" class=\"wp-caption aligncenter\"><img loading=\"lazy\" decoding=\"async\" aria-describedby=\"caption-attachment-170105\" class=\"wp-image-170105\" src=\"https:\/\/diarioregionaldigital.com.br\/wp-content\/uploads\/2020\/09\/fotoaa2-e1601517514489.jpg\" alt=\"\" width=\"680\" height=\"450\" srcset=\"https:\/\/diarioregionaldigital.com.br\/wp-content\/uploads\/2020\/09\/fotoaa2-e1601517514489.jpg 1173w, https:\/\/diarioregionaldigital.com.br\/wp-content\/uploads\/2020\/09\/fotoaa2-e1601517514489-300x199.jpg 300w, https:\/\/diarioregionaldigital.com.br\/wp-content\/uploads\/2020\/09\/fotoaa2-e1601517514489-1024x678.jpg 1024w, https:\/\/diarioregionaldigital.com.br\/wp-content\/uploads\/2020\/09\/fotoaa2-e1601517514489-768x509.jpg 768w, https:\/\/diarioregionaldigital.com.br\/wp-content\/uploads\/2020\/09\/fotoaa2-e1601517514489-360x238.jpg 360w\" sizes=\"auto, (max-width: 680px) 100vw, 680px\" \/><p id=\"caption-attachment-170105\" class=\"wp-caption-text\">Completando 15 anos de amizade os queridos Ricardo Alex \u00e9 M\u00e1rcio Marques<\/p><\/div>\n<div id=\"attachment_170107\" style=\"width: 690px\" class=\"wp-caption aligncenter\"><img loading=\"lazy\" decoding=\"async\" aria-describedby=\"caption-attachment-170107\" class=\"wp-image-170107\" src=\"https:\/\/diarioregionaldigital.com.br\/wp-content\/uploads\/2020\/09\/fotoc-9-e1601517573753.jpg\" alt=\"\" width=\"680\" height=\"493\" srcset=\"https:\/\/diarioregionaldigital.com.br\/wp-content\/uploads\/2020\/09\/fotoc-9-e1601517573753.jpg 1080w, https:\/\/diarioregionaldigital.com.br\/wp-content\/uploads\/2020\/09\/fotoc-9-e1601517573753-300x218.jpg 300w, https:\/\/diarioregionaldigital.com.br\/wp-content\/uploads\/2020\/09\/fotoc-9-e1601517573753-1024x742.jpg 1024w, https:\/\/diarioregionaldigital.com.br\/wp-content\/uploads\/2020\/09\/fotoc-9-e1601517573753-768x557.jpg 768w, https:\/\/diarioregionaldigital.com.br\/wp-content\/uploads\/2020\/09\/fotoc-9-e1601517573753-360x261.jpg 360w\" sizes=\"auto, (max-width: 680px) 100vw, 680px\" \/><p id=\"caption-attachment-170107\" class=\"wp-caption-text\">Em ritmo de espera do ver\u00e3o, o jovem empreendedor Douglas Costa<\/p><\/div>\n<div id=\"attachment_170108\" style=\"width: 690px\" class=\"wp-caption aligncenter\"><img loading=\"lazy\" decoding=\"async\" aria-describedby=\"caption-attachment-170108\" class=\"wp-image-170108\" src=\"https:\/\/diarioregionaldigital.com.br\/wp-content\/uploads\/2020\/09\/fotod-17-e1601517593977.jpg\" alt=\"\" width=\"680\" height=\"475\" srcset=\"https:\/\/diarioregionaldigital.com.br\/wp-content\/uploads\/2020\/09\/fotod-17-e1601517593977.jpg 926w, https:\/\/diarioregionaldigital.com.br\/wp-content\/uploads\/2020\/09\/fotod-17-e1601517593977-300x210.jpg 300w, https:\/\/diarioregionaldigital.com.br\/wp-content\/uploads\/2020\/09\/fotod-17-e1601517593977-768x537.jpg 768w, https:\/\/diarioregionaldigital.com.br\/wp-content\/uploads\/2020\/09\/fotod-17-e1601517593977-360x252.jpg 360w, https:\/\/diarioregionaldigital.com.br\/wp-content\/uploads\/2020\/09\/fotod-17-e1601517593977-100x70.jpg 100w\" sizes=\"auto, (max-width: 680px) 100vw, 680px\" \/><p id=\"caption-attachment-170108\" class=\"wp-caption-text\">Talentos dos cabelos, tinturas e tesouras de ouro, os cabelereiros Carlos Badico e F\u00e1bio Cantarino<\/p><\/div>\n<div id=\"attachment_170109\" style=\"width: 690px\" class=\"wp-caption aligncenter\"><img loading=\"lazy\" decoding=\"async\" aria-describedby=\"caption-attachment-170109\" class=\"wp-image-170109\" src=\"https:\/\/diarioregionaldigital.com.br\/wp-content\/uploads\/2020\/09\/fotoe-20-e1601517616126.jpg\" alt=\"\" width=\"680\" height=\"485\" srcset=\"https:\/\/diarioregionaldigital.com.br\/wp-content\/uploads\/2020\/09\/fotoe-20-e1601517616126.jpg 1520w, https:\/\/diarioregionaldigital.com.br\/wp-content\/uploads\/2020\/09\/fotoe-20-e1601517616126-300x214.jpg 300w, https:\/\/diarioregionaldigital.com.br\/wp-content\/uploads\/2020\/09\/fotoe-20-e1601517616126-1024x731.jpg 1024w, https:\/\/diarioregionaldigital.com.br\/wp-content\/uploads\/2020\/09\/fotoe-20-e1601517616126-768x548.jpg 768w, https:\/\/diarioregionaldigital.com.br\/wp-content\/uploads\/2020\/09\/fotoe-20-e1601517616126-360x257.jpg 360w, https:\/\/diarioregionaldigital.com.br\/wp-content\/uploads\/2020\/09\/fotoe-20-e1601517616126-100x70.jpg 100w\" sizes=\"auto, (max-width: 680px) 100vw, 680px\" \/><p id=\"caption-attachment-170109\" class=\"wp-caption-text\">Antes da pandemia em festa refinada no Casar\u00e3o, Juber Pac\u00edfico e Matheus Christian<\/p><\/div>\n<div id=\"attachment_170110\" style=\"width: 690px\" class=\"wp-caption aligncenter\"><img loading=\"lazy\" decoding=\"async\" aria-describedby=\"caption-attachment-170110\" class=\"wp-image-170110\" src=\"https:\/\/diarioregionaldigital.com.br\/wp-content\/uploads\/2020\/09\/fotof-17-e1601517645733.jpg\" alt=\"\" width=\"680\" height=\"478\" srcset=\"https:\/\/diarioregionaldigital.com.br\/wp-content\/uploads\/2020\/09\/fotof-17-e1601517645733.jpg 684w, https:\/\/diarioregionaldigital.com.br\/wp-content\/uploads\/2020\/09\/fotof-17-e1601517645733-300x210.jpg 300w, https:\/\/diarioregionaldigital.com.br\/wp-content\/uploads\/2020\/09\/fotof-17-e1601517645733-360x253.jpg 360w, https:\/\/diarioregionaldigital.com.br\/wp-content\/uploads\/2020\/09\/fotof-17-e1601517645733-100x70.jpg 100w\" sizes=\"auto, (max-width: 680px) 100vw, 680px\" \/><p id=\"caption-attachment-170110\" class=\"wp-caption-text\">Em noite deslumbrante, os morenos tropicanos, Fernanda Evarista e Fl\u00e1vio Benedito<\/p><\/div>\n<div style=\"width: 690px\" class=\"wp-caption aligncenter\"><img loading=\"lazy\" decoding=\"async\" class=\"wp-image-170111\" src=\"https:\/\/diarioregionaldigital.com.br\/wp-content\/uploads\/2020\/09\/fotog-20-e1601517674278.jpg\" alt=\"\" width=\"680\" height=\"441\" srcset=\"https:\/\/diarioregionaldigital.com.br\/wp-content\/uploads\/2020\/09\/fotog-20-e1601517674278.jpg 723w, https:\/\/diarioregionaldigital.com.br\/wp-content\/uploads\/2020\/09\/fotog-20-e1601517674278-300x195.jpg 300w, https:\/\/diarioregionaldigital.com.br\/wp-content\/uploads\/2020\/09\/fotog-20-e1601517674278-360x234.jpg 360w\" sizes=\"auto, (max-width: 680px) 100vw, 680px\" \/><p class=\"wp-caption-text\">L\u00edvia Machado e seu pai Waney Rocha assumindo a cozinha 5 estrelas do Bar da F\u00e1brica<\/p><\/div>\n<p style=\"text-align: center;\"><strong>FOTOSS\u00cdNTESE<\/strong><\/p>\n<p>Iniciamos outubro com foco e f\u00e9 em dias melhores. Aqui no meu lugar s\u00f3 reina alto astral e bem estar. Minha miss\u00e3o \u00e9 trabalhar, ajudar e ser feliz. Que venha a esta\u00e7\u00e3o das flores.<\/p>\n<p>Vai ser lan\u00e7ado este m\u00eas a Mercedes GLB, com sete lugares. O gerente da Bamag, Rodrigo Gomes est\u00e1 entusiasmado e espera muitas vendas para o novo SUV.<\/p>\n<p>Rei das panelas e ca\u00e7arolas, Arthur Carvalho reabriu o Emporium do Chef com suculento churrasco na brasa e festival de costelas.<\/p>\n<p>Dona Isabel Salom\u00e3o de Campos comemorou 96 anos ao lado de Alda e Iri\u00ea Salom\u00e3o de Campos. L\u00facida e elegante D\u00aa Isabel \u00e9 fundadora da Comunidade Esp\u00edrita \u2018A Casa do caminho\u2019.<\/p>\n<p>Colocando todas as violetas na janela, S\u00e9rgio Mendes e Fabi\u00fala est\u00e3o curtindo o apartamento muito bem decorado no Bom Pastor.<\/p>\n<p>Aten\u00e7\u00e3o desempregados: A ind\u00fastria de Material B\u00e9lico do Brasil (Imbel) abriu inscri\u00e7\u00f5es de processo seletivo para o Rio de Janeiro. Curr\u00edculo para o e-mail curr\u00edculo.fe@imbel.gov.br.<\/p>\n<p>Com muitos aplausos Rodrigo Silva Fernandes foi reeleito presidente do Sindijori-MG Sindicato dos Propriet\u00e1rios de Jornais, Revistas e Similares do Estado de Minas Gerais.<\/p>\n<p>Postar ou n\u00e3o postar: Medo da opini\u00e3o alheia, denominada Fopo, invade as redes sociais. Devido \u00e0 cultura do cancelamento, multiplicando o sintoma do mundo real. Pensar antes de postar \u00e9 sinal de que est\u00e1 desenvolvendo uma consci\u00eancia critica. Bom dia.<\/p>\n<p><img loading=\"lazy\" decoding=\"async\" class=\"aligncenter size-full wp-image-170114\" src=\"https:\/\/diarioregionaldigital.com.br\/wp-content\/uploads\/2020\/09\/anuncio62-scaled.jpg\" alt=\"\" width=\"2560\" height=\"924\" srcset=\"https:\/\/diarioregionaldigital.com.br\/wp-content\/uploads\/2020\/09\/anuncio62-scaled.jpg 2560w, https:\/\/diarioregionaldigital.com.br\/wp-content\/uploads\/2020\/09\/anuncio62-300x108.jpg 300w, https:\/\/diarioregionaldigital.com.br\/wp-content\/uploads\/2020\/09\/anuncio62-1024x369.jpg 1024w, https:\/\/diarioregionaldigital.com.br\/wp-content\/uploads\/2020\/09\/anuncio62-768x277.jpg 768w, https:\/\/diarioregionaldigital.com.br\/wp-content\/uploads\/2020\/09\/anuncio62-1536x554.jpg 1536w, https:\/\/diarioregionaldigital.com.br\/wp-content\/uploads\/2020\/09\/anuncio62-2048x739.jpg 2048w, https:\/\/diarioregionaldigital.com.br\/wp-content\/uploads\/2020\/09\/anuncio62-360x130.jpg 360w\" sizes=\"auto, (max-width: 2560px) 100vw, 2560px\" \/><\/p>\n","protected":false},"excerpt":{"rendered":"<p>No ar A TV C\u00e2mara de Juiz de Fora j\u00e1 iniciou a transmiss\u00e3o dos programas direcionados para os alunos da educa\u00e7\u00e3o infantil e educa\u00e7\u00e3o fundamental da rede municipal de ensino de Juiz de Fora. As exibi\u00e7\u00f5es do programa Cadinho e Prosa ser\u00e3o as ter\u00e7as, quartas e quintas, \u00e0s 9h. Barulheira A pandemia estimulou o crescimento [&hellip;]<\/p>\n","protected":false},"author":96,"featured_media":170119,"comment_status":"closed","ping_status":"closed","sticky":false,"template":"","format":"standard","meta":{"footnotes":""},"categories":[264],"tags":[],"class_list":["post-170113","post","type-post","status-publish","format-standard","has-post-thumbnail","hentry","category-eduardo-gomes"],"_links":{"self":[{"href":"https:\/\/diarioregionaldigital.com.br\/index.php?rest_route=\/wp\/v2\/posts\/170113","targetHints":{"allow":["GET"]}}],"collection":[{"href":"https:\/\/diarioregionaldigital.com.br\/index.php?rest_route=\/wp\/v2\/posts"}],"about":[{"href":"https:\/\/diarioregionaldigital.com.br\/index.php?rest_route=\/wp\/v2\/types\/post"}],"author":[{"embeddable":true,"href":"https:\/\/diarioregionaldigital.com.br\/index.php?rest_route=\/wp\/v2\/users\/96"}],"replies":[{"embeddable":true,"href":"https:\/\/diarioregionaldigital.com.br\/index.php?rest_route=%2Fwp%2Fv2%2Fcomments&post=170113"}],"version-history":[{"count":0,"href":"https:\/\/diarioregionaldigital.com.br\/index.php?rest_route=\/wp\/v2\/posts\/170113\/revisions"}],"wp:featuredmedia":[{"embeddable":true,"href":"https:\/\/diarioregionaldigital.com.br\/index.php?rest_route=\/wp\/v2\/media\/170119"}],"wp:attachment":[{"href":"https:\/\/diarioregionaldigital.com.br\/index.php?rest_route=%2Fwp%2Fv2%2Fmedia&parent=170113"}],"wp:term":[{"taxonomy":"category","embeddable":true,"href":"https:\/\/diarioregionaldigital.com.br\/index.php?rest_route=%2Fwp%2Fv2%2Fcategories&post=170113"},{"taxonomy":"post_tag","embeddable":true,"href":"https:\/\/diarioregionaldigital.com.br\/index.php?rest_route=%2Fwp%2Fv2%2Ftags&post=170113"}],"curies":[{"name":"wp","href":"https:\/\/api.w.org\/{rel}","templated":true}]}}