{"id":170101,"date":"2020-09-30T20:52:38","date_gmt":"2020-09-30T23:52:38","guid":{"rendered":"https:\/\/diarioregionaldigital.com.br\/?p=170101"},"modified":"2020-09-30T20:52:38","modified_gmt":"2020-09-30T23:52:38","slug":"covid-19-brasil-registra-1-031-mortes-nas-ultimas-24-horas","status":"publish","type":"post","link":"https:\/\/diarioregionaldigital.com.br\/?p=170101","title":{"rendered":"Covid-19: Brasil registra 1.031 mortes nas \u00faltimas 24 horas"},"content":{"rendered":"<p>O boletim di\u00e1rio do Minist\u00e9rio da Sa\u00fade, divulgado nesta quarta-feira\u00a0(30), revela que\u00a0o Brasil tem\u00a04.810.935\u00a0casos confirmados acumulados\u00a0do novo coronav\u00edrus.<img decoding=\"async\" src=\"https:\/\/agenciabrasil.ebc.com.br\/ebc.png?id=1389405&amp;o=node\" \/><img decoding=\"async\" src=\"https:\/\/agenciabrasil.ebc.com.br\/ebc.gif?id=1389405&amp;o=node\" \/><\/p>\n<p>Nas \u00faltimas horas, foram 33.413 novos casos confirmados de covid-19.<\/p>\n<p>O pa\u00eds\u00a0voltou\u00a0a registrar mais de mil \u00f3bitos por dia, decorrentes da covid-19. Nas \u00faltimas 24 horas, foram 1.031 mortes por covid-19. O total chega a 143.952.<\/p>\n<p>O \u00faltimo registro acima de mil mortes ocorreu em 15 de setembro.<\/p>\n<p><strong>Registro di\u00e1rio de mortes provocadas por covid-19 no Brasil<\/strong><\/p>\n<table class=\"dcf-table dcf-table-responsive dcf-table-bordered dcf-table-striped dcf-w-100%\">\n<thead>\n<tr>\n<th class=\"dcf-txt-center\" scope=\"col\" data-label=\"DATA\">DATA<\/th>\n<th class=\"dcf-txt-center\" scope=\"col\" data-label=\"\u00d3BITOS\">\u00d3BITOS<\/th>\n<\/tr>\n<\/thead>\n<tbody>\n<tr>\n<td class=\"dcf-txt-center\" data-label=\"DATA\">15\/09<\/td>\n<td class=\"dcf-txt-center\" data-label=\"\u00d3BITOS\">1.113<\/td>\n<\/tr>\n<tr>\n<td class=\"dcf-txt-center\" data-label=\"DATA\">16\/09<\/td>\n<td class=\"dcf-txt-center\" data-label=\"\u00d3BITOS\">987<\/td>\n<\/tr>\n<tr>\n<td class=\"dcf-txt-center\" data-label=\"DATA\">17\/09<\/td>\n<td class=\"dcf-txt-center\" data-label=\"\u00d3BITOS\">829<\/td>\n<\/tr>\n<tr>\n<td class=\"dcf-txt-center\" data-label=\"DATA\">18\/09<\/td>\n<td class=\"dcf-txt-center\" data-label=\"\u00d3BITOS\">858<\/td>\n<\/tr>\n<tr>\n<td class=\"dcf-txt-center\" data-label=\"DATA\">19\/09<\/td>\n<td class=\"dcf-txt-center\" data-label=\"\u00d3BITOS\">739<\/td>\n<\/tr>\n<tr>\n<td class=\"dcf-txt-center\" data-label=\"DATA\">20\/09<\/td>\n<td class=\"dcf-txt-center\" data-label=\"\u00d3BITOS\">363<\/td>\n<\/tr>\n<tr>\n<td class=\"dcf-txt-center\" data-label=\"DATA\">21\/09<\/td>\n<td class=\"dcf-txt-center\" data-label=\"\u00d3BITOS\">377<\/td>\n<\/tr>\n<tr>\n<td class=\"dcf-txt-center\" data-label=\"DATA\">22\/09<\/td>\n<td class=\"dcf-txt-center\" data-label=\"\u00d3BITOS\">836<\/td>\n<\/tr>\n<tr>\n<td class=\"dcf-txt-center\" data-label=\"DATA\">23\/09<\/td>\n<td class=\"dcf-txt-center\" data-label=\"\u00d3BITOS\">869<\/td>\n<\/tr>\n<tr>\n<td class=\"dcf-txt-center\" data-label=\"DATA\">24\/09<\/td>\n<td class=\"dcf-txt-center\" data-label=\"\u00d3BITOS\">831<\/td>\n<\/tr>\n<tr>\n<td class=\"dcf-txt-center\" data-label=\"DATA\">25\/09<\/td>\n<td class=\"dcf-txt-center\" data-label=\"\u00d3BITOS\">729<\/td>\n<\/tr>\n<tr>\n<td class=\"dcf-txt-center\" data-label=\"DATA\">26\/09<\/td>\n<td class=\"dcf-txt-center\" data-label=\"\u00d3BITOS\">869<\/td>\n<\/tr>\n<tr>\n<td class=\"dcf-txt-center\" data-label=\"DATA\">27\/09<\/td>\n<td class=\"dcf-txt-center\" data-label=\"\u00d3BITOS\">335<\/td>\n<\/tr>\n<tr>\n<td class=\"dcf-txt-center\" data-label=\"DATA\">28\/09<\/td>\n<td class=\"dcf-txt-center\" data-label=\"\u00d3BITOS\">317<\/td>\n<\/tr>\n<tr>\n<td class=\"dcf-txt-center\" data-label=\"DATA\">29\/09<\/td>\n<td class=\"dcf-txt-center\" data-label=\"\u00d3BITOS\">863<\/td>\n<\/tr>\n<tr>\n<td class=\"dcf-txt-center\" data-label=\"DATA\">30\/09<\/td>\n<td class=\"dcf-txt-center\" data-label=\"\u00d3BITOS\">1.031<\/td>\n<\/tr>\n<\/tbody>\n<\/table>\n<p>Segundo o Minist\u00e9rio da Sa\u00fade, atualmente, 10,1% dos pacientes est\u00e3o em acompanhamento\u00a0(486.607)\u00a0e 86,9% dos brasileiros que contra\u00edram covid-19 est\u00e3o recuperados (4.180.376).<\/p>\n<p>As autoridades de sa\u00fade ainda investigam se\u00a0outras 2.466 mortes foram provocadas por coronav\u00edrus.<\/p>\n<p><strong>Onde h\u00e1 mais casos de covid-19 no Brasil<\/strong><\/p>\n<p><em>*Casos acumulados desde o in\u00edcio da pandemia<\/em><\/p>\n<p>S\u00e3o Paulo = 985.628<\/p>\n<p>Bahia = 310.526<\/p>\n<p>Minas Gerais = 295.169<\/p>\n<p>Rio de Janeiro =\u00a0264.783<\/p>\n<p>Cear\u00e1 = 241.159<\/p>\n<p><strong>Onde h\u00e1 mais mortes por covid-19 no Brasil\u00a0<\/strong><\/p>\n<p>S\u00e3o Paulo = 35.622<\/p>\n<p>Rio de Janeiro = 18.487<\/p>\n<p>Cear\u00e1 = 8.994<\/p>\n<p>Pernambuco = 8.251<\/p>\n<p>Minas Gerais = 7.360<\/p>\n<p><strong>Fonte:\u00a0<\/strong>Ag\u00eancia Brasil<\/p>\n","protected":false},"excerpt":{"rendered":"<p>O boletim di\u00e1rio do Minist\u00e9rio da Sa\u00fade, divulgado nesta quarta-feira\u00a0(30), revela que\u00a0o Brasil tem\u00a04.810.935\u00a0casos confirmados acumulados\u00a0do novo coronav\u00edrus. Nas \u00faltimas horas, foram 33.413 novos casos confirmados de covid-19. O pa\u00eds\u00a0voltou\u00a0a registrar mais de mil \u00f3bitos por dia, decorrentes da covid-19. Nas \u00faltimas 24 horas, foram 1.031 mortes por covid-19. O total chega a 143.952. O [&hellip;]<\/p>\n","protected":false},"author":96,"featured_media":160779,"comment_status":"closed","ping_status":"closed","sticky":false,"template":"","format":"standard","meta":{"footnotes":""},"categories":[302,436,440,439],"tags":[],"class_list":["post-170101","post","type-post","status-publish","format-standard","has-post-thumbnail","hentry","category-brasil-mundo","category-destaque-da-semana","category-destaques-do-dia","category-ultima-hora"],"_links":{"self":[{"href":"https:\/\/diarioregionaldigital.com.br\/index.php?rest_route=\/wp\/v2\/posts\/170101","targetHints":{"allow":["GET"]}}],"collection":[{"href":"https:\/\/diarioregionaldigital.com.br\/index.php?rest_route=\/wp\/v2\/posts"}],"about":[{"href":"https:\/\/diarioregionaldigital.com.br\/index.php?rest_route=\/wp\/v2\/types\/post"}],"author":[{"embeddable":true,"href":"https:\/\/diarioregionaldigital.com.br\/index.php?rest_route=\/wp\/v2\/users\/96"}],"replies":[{"embeddable":true,"href":"https:\/\/diarioregionaldigital.com.br\/index.php?rest_route=%2Fwp%2Fv2%2Fcomments&post=170101"}],"version-history":[{"count":0,"href":"https:\/\/diarioregionaldigital.com.br\/index.php?rest_route=\/wp\/v2\/posts\/170101\/revisions"}],"wp:featuredmedia":[{"embeddable":true,"href":"https:\/\/diarioregionaldigital.com.br\/index.php?rest_route=\/wp\/v2\/media\/160779"}],"wp:attachment":[{"href":"https:\/\/diarioregionaldigital.com.br\/index.php?rest_route=%2Fwp%2Fv2%2Fmedia&parent=170101"}],"wp:term":[{"taxonomy":"category","embeddable":true,"href":"https:\/\/diarioregionaldigital.com.br\/index.php?rest_route=%2Fwp%2Fv2%2Fcategories&post=170101"},{"taxonomy":"post_tag","embeddable":true,"href":"https:\/\/diarioregionaldigital.com.br\/index.php?rest_route=%2Fwp%2Fv2%2Ftags&post=170101"}],"curies":[{"name":"wp","href":"https:\/\/api.w.org\/{rel}","templated":true}]}}