{"id":170098,"date":"2020-09-30T18:46:54","date_gmt":"2020-09-30T21:46:54","guid":{"rendered":"https:\/\/diarioregionaldigital.com.br\/?p=170098"},"modified":"2020-09-30T18:46:54","modified_gmt":"2020-09-30T21:46:54","slug":"saude-divulga-protocolo-de-retomada-gradual-das-atividades-presenciais-na-rede-estadual-de-escolas","status":"publish","type":"post","link":"https:\/\/diarioregionaldigital.com.br\/?p=170098","title":{"rendered":"Sa\u00fade divulga protocolo de retomada gradual das atividades presenciais na rede estadual de escolas"},"content":{"rendered":"<p>Para orientar\u00a0a volta \u00e0s aulas presenciais em Minas Gerais, foi publicado nesta quarta-feira (30\/9) protocolo sanit\u00e1rio da\u00a0<a href=\"http:\/\/www.saude.mg.gov.br\/\" target=\"_blank\" rel=\"noopener noreferrer\">Secretaria de Estado de Sa\u00fade (SES-MG)<\/a>\u00a0com orienta\u00e7\u00f5es detalhadas para os gestores escolares. Desenvolvido por m\u00e9dicos, pediatras, infectologistas e outros profissionais da Sa\u00fade e da\u00a0<a href=\"http:\/\/www.educacao.mg.gov.br\/\" target=\"_blank\" rel=\"noopener noreferrer\">Educa\u00e7\u00e3o<\/a>, o documento traz\u00a0medidas de seguran\u00e7a no contexto da pandemia, como\u00a0restri\u00e7\u00f5es no\u00a0ambiente escolar, higieniza\u00e7\u00f5es constantes e alerta em casos suspeitos ou confirmados de infec\u00e7\u00e3o por coronav\u00edrus com possibilidade de suspens\u00e3o das aulas presenciais\u00a0por 14 dias.<\/p>\n<p>O Protocolo Sanit\u00e1rio de Retorno \u00e0s Atividades Escolares Presenciais no Contexto da Pandemia da Covid-19 foi baseado em orienta\u00e7\u00f5es do Minist\u00e9rio da Sa\u00fade (MS) e\u00a0da\u00a0Ag\u00eancia Nacional de Vigil\u00e2ncia Sanit\u00e1ria (Anvisa).<\/p>\n<p>\u201cO documento \u00e9 uma orienta\u00e7\u00e3o aos gestores escolares para que essa volta gradual das atividades seja segura para toda comunidade. Fizemos um trabalho minucioso para que todos os cuidados sejam tomados com consci\u00eancia\u00a0e efici\u00eancia, e envolva os\u00a0trabalhadores da Educa\u00e7\u00e3o, pais e respons\u00e1veis\u201d, comenta o secret\u00e1rio de Sa\u00fade Carlos Eduardo Amaral.<\/p>\n<p>A volta \u00e0s aulas est\u00e1 associada ao plano\u00a0<a href=\"http:\/\/www.mg.gov.br\/minasconsciente\" target=\"_blank\" rel=\"noopener noreferrer\">Minas Consciente<\/a>,\u00a0do\u00a0<a href=\"http:\/\/www.mg.gov.br\/\" target=\"_blank\" rel=\"noopener noreferrer\">Governo e Minas<\/a>,\u00a0que prev\u00ea a retomada para as cidades que est\u00e3o\u00a0nas ondas verde e amarela.\u00a0Segundo Jana\u00edna Passos, superintendente de Vigil\u00e2ncia em Sa\u00fade da SES-MG, o protocolo \u00e9 uma orienta\u00e7\u00e3o detalhada sobre todos os cuidados que os gestores devem ter nesse momento.\u00a0As institui\u00e7\u00f5es,\u00a0localizadas nos munic\u00edpios onde os \u00edndices epidemiol\u00f3gicos para o coronav\u00edrus permitem essa flexibiliza\u00e7\u00e3o, reabrem no dia 5\/10, mas os alunos s\u00f3 poder\u00e3o retornar quando as escolas estiverem adaptadas.<\/p>\n<p>\u201cO protocolo traz\u00a0detalhadamente essa adapta\u00e7\u00e3o.\u00a0As escolas ter\u00e3o tempo para se adaptar e fazer esse retorno de forma segura\u201d, destaca Jana\u00edna, explicando que a fiscaliza\u00e7\u00e3o ficar\u00e1 a cargo da Vigil\u00e2ncia Sanit\u00e1ria de cada munic\u00edpio.<\/p>\n<p><b>Apoio psicossocial\u00a0<\/b><\/p>\n<p>\u200bOs profissionais\u00a0da Educa\u00e7\u00e3o ser\u00e3o capacitados sobre a preven\u00e7\u00e3o\u00a0da\u00a0covid-19 e os pais ou respons\u00e1veis tamb\u00e9m ser\u00e3o orientados. \u201c\u00c9 muito importante que as fam\u00edlias estejam informadas e em constante comunica\u00e7\u00e3o com os gestores\u00a0e\u00a0saibam\u00a0sobre os benef\u00edcios e riscos de cada ensino (on-line, h\u00edbrido e presencial) para que fa\u00e7am suas escolhas conscientes\u201d, enfatiza\u00a0Jana\u00edna.<\/p>\n<p>\u200bO protocolo orienta gestores locais a garantir que professores e toda a equipe recebam apoio psicossocial cont\u00ednuo para alcan\u00e7ar seu bem-estar socioemocional, com suporte da rede de aten\u00e7\u00e3o \u00e0 sa\u00fade local.<\/p>\n<p>\u200b<b>Ambiente escolar\u00a0<\/b><\/p>\n<p>\u200bDentro do ambiente escolar, o protocolo\u00a0sugere\u00a0medidas\u00a0de distanciamento, tempo reduzido para atividades ao ar livre\u00a0e proibi\u00e7\u00e3o para as\u00a0que tenham\u00a0compartilhamento de equipamentos e objetos (bolas, petecas e similares).\u00a0Os brinquedos dever\u00e3o ser higienizados e os alunos n\u00e3o poder\u00e3o traz\u00ea-los de casa.<\/p>\n<p>\u200bOs profissionais s\u00e3o orientados a usar\u00a0equipamentos de prote\u00e7\u00e3o individual (EPIs) e estar\u00a0atentos a qualquer sintoma. Na entrada das escolas, a orienta\u00e7\u00e3o \u00e9 para que haja aferi\u00e7\u00e3o de temperatura. \u201cApesar de haver pessoas assintom\u00e1ticas, sugerimos que essa medida seja feita para evitar que alunos com febre entrem na escola\u201d, explica Jana\u00edna.<\/p>\n<p>O protocolo tamb\u00e9m prev\u00ea cuidados redobrados para crian\u00e7as com algum tipo de defici\u00eancia, que devem ser avaliadas de forma individual quanto ao retorno ou n\u00e3o \u00e0s atividades presenciais, a partir de uma an\u00e1lise conjunta entre pais, respons\u00e1veis, profissionais de Sa\u00fade e de Educa\u00e7\u00e3o.<\/p>\n<p><b>Metragem<\/b><\/p>\n<p>Para todos os espa\u00e7os nos ambientes das escolas dever\u00e1 haver controle do fluxo de entrada. As metragens dever\u00e3o ser seguidas de acordo com a classifica\u00e7\u00e3o do munic\u00edpio no Minas Consciente. Os que est\u00e3o na Onda\u00a0Verde,\u00a0por exemplo, dever\u00e3o respeitar o limite de uma pessoa a cada 6 metros quadrados, incluindo p\u00e1tios, salas de aula, refeit\u00f3rios e sanit\u00e1rios.<\/p>\n<p>Somente ap\u00f3s 28 dias de retorno das atividades presenciais e perman\u00eancia na Onda Verde\u00a0essa metragem poder\u00e1 reduzir, sendo uma pessoa a cada 4 metros quadrados. Se a cidade voltar para a Onda Amarela, o limite passa a ser de uma pessoa a cada 10 metros quadrados.<\/p>\n<p>Conforme explicou o secret\u00e1rio adjunto de Sa\u00fade, Marcelo Cabral, durante coletiva virtual desta quarta-feira (30\/9), \u201ccaso a institui\u00e7\u00e3o n\u00e3o disponha de espa\u00e7o para o atendimento a essa indica\u00e7\u00e3o, o gestor escolar dever\u00e1 estabelecer um cronograma para entrada e sa\u00edda,\u00a0e para a utiliza\u00e7\u00e3o de espa\u00e7os comuns, reduzindo a perman\u00eancia de grupos de pessoas no ambiente e todos os espa\u00e7os das escolas dever\u00e3o ter esse fluxo de entrada e movimento\u201d.<\/p>\n<p><b>Contamina\u00e7\u00e3o\u00a0<\/b><\/p>\n<p>\u200bNa hip\u00f3tese de casos suspeitos ou confirmados para coronav\u00edrus dentro das escolas, tr\u00eas situa\u00e7\u00f5es foram listadas como alerta para tomada de decis\u00e3o imediata:<\/p>\n<p>&#8211; Se houver\u00a0ocorr\u00eancia de um ou mais casos suspeitos ou confirmados,\u00a0em que\u00a0os envolvidos convivam na mesma sala de aula e n\u00e3o tenham tido contato com outras turmas, as aulas\u00a0presenciais nessa sala ser\u00e3o suspensas por duas\u00a0semanas;<\/p>\n<p>&#8211; Se ocorrer\u00a0um ou mais casos suspeitos ou confirmados em que\u00a0os envolvidos sejam de salas diferentes ou tenham tido contato com outras turmas no mesmo turno escolar,\u00a0as aulas presenciais do turno escolar ser\u00e3o suspensas por duas\u00a0semanas;<\/p>\n<p>&#8211; Se houver um ou mais casos suspeitos ou confirmados em que os envolvidos sejam de salas diferentes ou tenham tido contato com outras turmas de turnos, as aulas presenciais na escola ser\u00e3o suspensas por duas semanas.<\/p>\n<p>Em todas as situa\u00e7\u00f5es os\u00a0contatos pr\u00f3ximos dever\u00e3o ser monitorados durante o\u00a0per\u00edodo\u00a0de afastamento. \u200b\u201cEssas situa\u00e7\u00f5es n\u00e3o s\u00e3o punitivas, e sim uma reorganiza\u00e7\u00e3o para impedir a cadeia de transmiss\u00e3o do v\u00edrus\u201d, explica\u00a0Jana\u00edna Passos.<\/p>\n<p>O protocolo \u00e9 voltado para as escolas estaduais, sendo que as institui\u00e7\u00f5es escolares da rede particular (escolas, faculdades e centros universit\u00e1rios) e rede p\u00fablica municipal devem elaborar um plano com estrat\u00e9gias de retomada segura, com etapas de retorno e ado\u00e7\u00e3o de medidas sanit\u00e1rias que devem estar adequadas aos protocolos sanit\u00e1rios do Minas Consciente e ao\u00a0da SES.<\/p>\n<p><strong>Fonte:\u00a0<\/strong>Ag\u00eancia Minas<\/p>\n","protected":false},"excerpt":{"rendered":"<p>Para orientar\u00a0a volta \u00e0s aulas presenciais em Minas Gerais, foi publicado nesta quarta-feira (30\/9) protocolo sanit\u00e1rio da\u00a0Secretaria de Estado de Sa\u00fade (SES-MG)\u00a0com orienta\u00e7\u00f5es detalhadas para os gestores escolares. Desenvolvido por m\u00e9dicos, pediatras, infectologistas e outros profissionais da Sa\u00fade e da\u00a0Educa\u00e7\u00e3o, o documento traz\u00a0medidas de seguran\u00e7a no contexto da pandemia, como\u00a0restri\u00e7\u00f5es no\u00a0ambiente escolar, higieniza\u00e7\u00f5es constantes e [&hellip;]<\/p>\n","protected":false},"author":96,"featured_media":170099,"comment_status":"closed","ping_status":"closed","sticky":false,"template":"","format":"standard","meta":{"footnotes":""},"categories":[436,254,439],"tags":[],"class_list":["post-170098","post","type-post","status-publish","format-standard","has-post-thumbnail","hentry","category-destaque-da-semana","category-politica","category-ultima-hora"],"_links":{"self":[{"href":"https:\/\/diarioregionaldigital.com.br\/index.php?rest_route=\/wp\/v2\/posts\/170098","targetHints":{"allow":["GET"]}}],"collection":[{"href":"https:\/\/diarioregionaldigital.com.br\/index.php?rest_route=\/wp\/v2\/posts"}],"about":[{"href":"https:\/\/diarioregionaldigital.com.br\/index.php?rest_route=\/wp\/v2\/types\/post"}],"author":[{"embeddable":true,"href":"https:\/\/diarioregionaldigital.com.br\/index.php?rest_route=\/wp\/v2\/users\/96"}],"replies":[{"embeddable":true,"href":"https:\/\/diarioregionaldigital.com.br\/index.php?rest_route=%2Fwp%2Fv2%2Fcomments&post=170098"}],"version-history":[{"count":0,"href":"https:\/\/diarioregionaldigital.com.br\/index.php?rest_route=\/wp\/v2\/posts\/170098\/revisions"}],"wp:featuredmedia":[{"embeddable":true,"href":"https:\/\/diarioregionaldigital.com.br\/index.php?rest_route=\/wp\/v2\/media\/170099"}],"wp:attachment":[{"href":"https:\/\/diarioregionaldigital.com.br\/index.php?rest_route=%2Fwp%2Fv2%2Fmedia&parent=170098"}],"wp:term":[{"taxonomy":"category","embeddable":true,"href":"https:\/\/diarioregionaldigital.com.br\/index.php?rest_route=%2Fwp%2Fv2%2Fcategories&post=170098"},{"taxonomy":"post_tag","embeddable":true,"href":"https:\/\/diarioregionaldigital.com.br\/index.php?rest_route=%2Fwp%2Fv2%2Ftags&post=170098"}],"curies":[{"name":"wp","href":"https:\/\/api.w.org\/{rel}","templated":true}]}}