{"id":170095,"date":"2020-09-30T18:45:39","date_gmt":"2020-09-30T21:45:39","guid":{"rendered":"https:\/\/diarioregionaldigital.com.br\/?p=170095"},"modified":"2020-09-30T18:45:39","modified_gmt":"2020-09-30T21:45:39","slug":"minas-gerais-registra-saldo-positivo-de-283-mil-empregos-em-agosto","status":"publish","type":"post","link":"https:\/\/diarioregionaldigital.com.br\/?p=170095","title":{"rendered":"Minas Gerais registra saldo positivo de 28,3 mil empregos em agosto"},"content":{"rendered":"<p>Minas Gerais registrou,\u00a0pelo terceiro m\u00eas consecutivo,\u00a0resultado positivo na gera\u00e7\u00e3o de empregos. Segundo dados do novo Cadastro Geral de Empregados e Desempregados (Caged), divulgados na tarde\u00a0desta quarta-feira\u00a0(30\/9) pelo Minist\u00e9rio da Economia, o saldo de postos de trabalho no\u00a0estado ficou em 28.339 no m\u00eas de agosto, resultado da admiss\u00e3o de 135.161 trabalhadores e do desligamento de 106.822.\u00a0Minas\u00a0s\u00f3 perdeu\u00a0para S\u00e3o Paulo, que teve\u00a0saldo\u00a0positivo de 64.552 vagas.<\/p>\n<p>Segundo an\u00e1lise da\u00a0<a href=\"http:\/\/social.mg.gov.br\/\" target=\"_blank\" rel=\"noopener noreferrer\">Secretaria de Estado de Desenvolvimento Social (Sedese)<\/a>, esse resultado positivo alcan\u00e7ado em agosto se deve ao cen\u00e1rio de retomada das atividades econ\u00f4micas e da flexibiliza\u00e7\u00e3o das medidas de isolamento social em boa parte dos munic\u00edpios\u00a0mineiros, que t\u00eam seguido as normas do\u00a0plano do governo estadual\u00a0Minas Consciente, para a reativa\u00e7\u00e3o gradual e segura dos segmentos econ\u00f4micos.<\/p>\n<p>\u201cLogo que a pandemia come\u00e7ou, dedicamos nosso tempo integralmente a salvar vidas e estruturar o sistema de Sa\u00fade. Agora estamos trabalhando para recuperarmos os empregos que foram perdidos e que custaram a dignidade de tantos pais de fam\u00edlia\u201d, afirmou o governador Romeu Zema.<\/p>\n<p>Para o superintendente de Gest\u00e3o e Fomento ao Trabalho e \u00e0 Economia Popular Solid\u00e1ria da Sedese,\u00a0 Marcel Cardoso Ferreira de Souza, com a reabertura da economia, o mercado de trabalho tem reagido positivamente, ap\u00f3s uma dr\u00e1stica redu\u00e7\u00e3o no volume de postos de trabalho. \u201cEst\u00e1 bem claro que est\u00e3o sendo oferecidos muito mais postos de trabalho do que antes, inclusive em rela\u00e7\u00e3o ao ano passado. Esses dados s\u00e3o relevantes para mostrar que esta recupera\u00e7\u00e3o est\u00e1 acontecendo num ritmo at\u00e9 um pouco mais acelerado do que imagin\u00e1vamos e o cen\u00e1rio \u00e9 positivo para os pr\u00f3ximos per\u00edodos em rela\u00e7\u00e3o \u00e0 economia e ao aumento de postos de trabalho\u201d, avalia.<\/p>\n<p><strong>Em alta<\/strong><\/p>\n<p>No m\u00eas de julho, Minas Gerais registrou saldo positivo de 15.843 postos de trabalho. Na compara\u00e7\u00e3o de agosto de 2020 com o mesmo m\u00eas de 2019,\u00a0\u00a0quando foram criadas 5.985 vagas de emprego, o Estado registrou resultado bem superior na abertura de novas oportunidade de trabalho para os mineiros.<\/p>\n<p>Nos tr\u00eas primeiros meses da pandemia, os saldos apurados pelo Caged no\u00a0estado foram negativos, com -17.478 vagas em mar\u00e7o, -92.335 em abril e -33.695 em maio.<\/p>\n<p><strong>Brasil<\/strong><\/p>\n<p>No pa\u00eds, tamb\u00e9m em agosto, houve um saldo de 249.388 postos de trabalho, resultado da admiss\u00e3o de 1.239.478 trabalhadores e 990.090 desligamentos. No entanto, no acumulado do ano, o saldo ainda est\u00e1 negativo em -849.387 empregos; foram\u00a09.180.697\u00a0\u00a0contrata\u00e7\u00f5es e 10.030.084 demiss\u00f5es.<\/p>\n<p>Por setor de atividade econ\u00f4mica, houve saldo positivo em cinco grupos: ind\u00fastria geral (92.893 postos), concentrados na ind\u00fastria de transforma\u00e7\u00e3o (90.227 postos); constru\u00e7\u00e3o (50.489); com\u00e9rcio, repara\u00e7\u00e3o de ve\u00edculos automotores e motocicletas (49.408) e servi\u00e7os (45.412), distribu\u00eddos principalmente nas atividades de informa\u00e7\u00e3o, comunica\u00e7\u00e3o e atividades financeiras, imobili\u00e1rias, profissionais e administrativas (55.542) e agricultura, pecu\u00e1ria, produ\u00e7\u00e3o florestal, pesca e aquicultura (11.213).<\/p>\n<p>Por regi\u00e3o, o Sudeste lidera em saldo positivo de vagas, com 104.702 empregos, seguido pelo Nordeste\u00a0(62.085), Sul (42.664),\u00a0\u00a0Norte (22.272) e Centro-Oeste (17.684).<\/p>\n<p><strong>Fonte:<\/strong> Ag\u00eancia Minas<\/p>\n","protected":false},"excerpt":{"rendered":"<p>Minas Gerais registrou,\u00a0pelo terceiro m\u00eas consecutivo,\u00a0resultado positivo na gera\u00e7\u00e3o de empregos. Segundo dados do novo Cadastro Geral de Empregados e Desempregados (Caged), divulgados na tarde\u00a0desta quarta-feira\u00a0(30\/9) pelo Minist\u00e9rio da Economia, o saldo de postos de trabalho no\u00a0estado ficou em 28.339 no m\u00eas de agosto, resultado da admiss\u00e3o de 135.161 trabalhadores e do desligamento de 106.822.\u00a0Minas\u00a0s\u00f3 [&hellip;]<\/p>\n","protected":false},"author":96,"featured_media":170096,"comment_status":"closed","ping_status":"closed","sticky":false,"template":"","format":"standard","meta":{"footnotes":""},"categories":[436,261,439],"tags":[],"class_list":["post-170095","post","type-post","status-publish","format-standard","has-post-thumbnail","hentry","category-destaque-da-semana","category-economia","category-ultima-hora"],"_links":{"self":[{"href":"https:\/\/diarioregionaldigital.com.br\/index.php?rest_route=\/wp\/v2\/posts\/170095","targetHints":{"allow":["GET"]}}],"collection":[{"href":"https:\/\/diarioregionaldigital.com.br\/index.php?rest_route=\/wp\/v2\/posts"}],"about":[{"href":"https:\/\/diarioregionaldigital.com.br\/index.php?rest_route=\/wp\/v2\/types\/post"}],"author":[{"embeddable":true,"href":"https:\/\/diarioregionaldigital.com.br\/index.php?rest_route=\/wp\/v2\/users\/96"}],"replies":[{"embeddable":true,"href":"https:\/\/diarioregionaldigital.com.br\/index.php?rest_route=%2Fwp%2Fv2%2Fcomments&post=170095"}],"version-history":[{"count":0,"href":"https:\/\/diarioregionaldigital.com.br\/index.php?rest_route=\/wp\/v2\/posts\/170095\/revisions"}],"wp:featuredmedia":[{"embeddable":true,"href":"https:\/\/diarioregionaldigital.com.br\/index.php?rest_route=\/wp\/v2\/media\/170096"}],"wp:attachment":[{"href":"https:\/\/diarioregionaldigital.com.br\/index.php?rest_route=%2Fwp%2Fv2%2Fmedia&parent=170095"}],"wp:term":[{"taxonomy":"category","embeddable":true,"href":"https:\/\/diarioregionaldigital.com.br\/index.php?rest_route=%2Fwp%2Fv2%2Fcategories&post=170095"},{"taxonomy":"post_tag","embeddable":true,"href":"https:\/\/diarioregionaldigital.com.br\/index.php?rest_route=%2Fwp%2Fv2%2Ftags&post=170095"}],"curies":[{"name":"wp","href":"https:\/\/api.w.org\/{rel}","templated":true}]}}