{"id":170088,"date":"2020-09-30T18:43:09","date_gmt":"2020-09-30T21:43:09","guid":{"rendered":"https:\/\/diarioregionaldigital.com.br\/?p=170088"},"modified":"2020-09-30T18:43:09","modified_gmt":"2020-09-30T21:43:09","slug":"policia-civil-realiza-operacao-em-rio-preto-e-prende-integrante-do-pcc","status":"publish","type":"post","link":"https:\/\/diarioregionaldigital.com.br\/?p=170088","title":{"rendered":"Pol\u00edcia Civil realiza opera\u00e7\u00e3o em Rio Preto e prende integrante do PCC"},"content":{"rendered":"<p><span style=\"font-weight: 400;\">A Pol\u00edcia Civil de Minas Gerais desencadeou opera\u00e7\u00e3o conjunta com a Pol\u00edcia Militar do Estado, nas cidades de Rio Preto, Santa Rita de Jacutinga e Santa B\u00e1rbara do Monte Verde, nesta ter\u00e7a-feira (29), cumprindo 05 (cinco) Mandados de Busca e Apreens\u00e3o, todos expedidos pelo Poder Judici\u00e1rio da Comarca de Rio Preto.\u00a0<\/span><\/p>\n<p><span style=\"font-weight: 400;\">Nos alvos dos mandados, em Rio Preto, estava a resid\u00eancia de um homem de 25 anos, indiv\u00edduo oriundo da Cidade de Caraguatatuba\/SP. Segundo informa\u00e7\u00f5es levantadas pelos policiais, em troca de informa\u00e7\u00f5es investigativas junto com a Pol\u00edcia Civil do Estado S\u00e3o Paulo, confirmou que tal indiv\u00edduo \u00e9 componente da fac\u00e7\u00e3o criminosa PCC, tendo inclusive a pol\u00edcia paulistana fornecido a Folha de Antecedentes Criminais (FAC) deste indiv\u00edduo, onde consta passagens por crimes de roubo e de tr\u00e1fico de drogas.\u00a0<\/span><\/p>\n<p><span style=\"font-weight: 400;\">Conforme a PCMG, um autor foi preso em flagrante pelo crime de tr\u00e1fico de drogas. Foram apreendidas tr\u00eas por\u00e7\u00f5es de maconha, 407 eppendorfs de pl\u00e1sticos transparentes e <\/span>250 sacol\u00e9s utilizados para embalar drogas, uma sacola preta contendo coca\u00edna e um vidro de 50ml de cloridrato de lidoca\u00edna e epinefrina,<\/p>\n<p><span style=\"font-weight: 400;\">Ap\u00f3s as formalidades de praxe, quanto \u00e0 lavratura do respectivo procedimento de Auto de Pris\u00e3o em Flagrante Delito \u2013 APFD, e respeitados os direitos e garantias constitucionais do conduzido, o detido foi devidamente encaminhado ao Pres\u00eddio de Matias Barbosa\/MG, onde permanece recolhido, \u00e0 disposi\u00e7\u00e3o da Justi\u00e7a.<\/span><\/p>\n<p><strong>Fonte:\u00a0<\/strong>Assessoria<\/p>\n","protected":false},"excerpt":{"rendered":"<p>A Pol\u00edcia Civil de Minas Gerais desencadeou opera\u00e7\u00e3o conjunta com a Pol\u00edcia Militar do Estado, nas cidades de Rio Preto, Santa Rita de Jacutinga e Santa B\u00e1rbara do Monte Verde, nesta ter\u00e7a-feira (29), cumprindo 05 (cinco) Mandados de Busca e Apreens\u00e3o, todos expedidos pelo Poder Judici\u00e1rio da Comarca de Rio Preto.\u00a0 Nos alvos dos mandados, [&hellip;]<\/p>\n","protected":false},"author":96,"featured_media":170090,"comment_status":"closed","ping_status":"closed","sticky":false,"template":"","format":"standard","meta":{"footnotes":""},"categories":[436,252,439],"tags":[],"class_list":["post-170088","post","type-post","status-publish","format-standard","has-post-thumbnail","hentry","category-destaque-da-semana","category-regiao","category-ultima-hora"],"_links":{"self":[{"href":"https:\/\/diarioregionaldigital.com.br\/index.php?rest_route=\/wp\/v2\/posts\/170088","targetHints":{"allow":["GET"]}}],"collection":[{"href":"https:\/\/diarioregionaldigital.com.br\/index.php?rest_route=\/wp\/v2\/posts"}],"about":[{"href":"https:\/\/diarioregionaldigital.com.br\/index.php?rest_route=\/wp\/v2\/types\/post"}],"author":[{"embeddable":true,"href":"https:\/\/diarioregionaldigital.com.br\/index.php?rest_route=\/wp\/v2\/users\/96"}],"replies":[{"embeddable":true,"href":"https:\/\/diarioregionaldigital.com.br\/index.php?rest_route=%2Fwp%2Fv2%2Fcomments&post=170088"}],"version-history":[{"count":0,"href":"https:\/\/diarioregionaldigital.com.br\/index.php?rest_route=\/wp\/v2\/posts\/170088\/revisions"}],"wp:featuredmedia":[{"embeddable":true,"href":"https:\/\/diarioregionaldigital.com.br\/index.php?rest_route=\/wp\/v2\/media\/170090"}],"wp:attachment":[{"href":"https:\/\/diarioregionaldigital.com.br\/index.php?rest_route=%2Fwp%2Fv2%2Fmedia&parent=170088"}],"wp:term":[{"taxonomy":"category","embeddable":true,"href":"https:\/\/diarioregionaldigital.com.br\/index.php?rest_route=%2Fwp%2Fv2%2Fcategories&post=170088"},{"taxonomy":"post_tag","embeddable":true,"href":"https:\/\/diarioregionaldigital.com.br\/index.php?rest_route=%2Fwp%2Fv2%2Ftags&post=170088"}],"curies":[{"name":"wp","href":"https:\/\/api.w.org\/{rel}","templated":true}]}}