{"id":170086,"date":"2020-09-30T18:31:39","date_gmt":"2020-09-30T21:31:39","guid":{"rendered":"https:\/\/diarioregionaldigital.com.br\/?p=170086"},"modified":"2020-09-30T18:33:22","modified_gmt":"2020-09-30T21:33:22","slug":"secretaria-de-saude-confirma-mais-quatro-obitos-decorrentes-do-coronavirus","status":"publish","type":"post","link":"https:\/\/diarioregionaldigital.com.br\/?p=170086","title":{"rendered":"Secretaria de Sa\u00fade confirma mais quatro \u00f3bitos decorrentes do Coronav\u00edrus"},"content":{"rendered":"<p><span style=\"font-weight: 400;\">O novo boletim epidemiol\u00f3gico divulgado nesta quarta-feira (30) pela Secretaria de Sa\u00fade (SS) da Prefeitura de Juiz de Fora (PJF), confirma que o munic\u00edpio registrou mais quatro mortes decorrentes de Covid-19, acumulando 222 \u00f3bitos. Conforme os dados, nas \u00faltimas 24h, foram registrados mais 59 novos casos, totalizando 6.060 pacientes infectados e 22.028 pessoas s\u00e3o suspeitas de terem a doen\u00e7a.<\/span><\/p>\n<p><b>\u00d3bitos<\/b><\/p>\n<p><span style=\"font-weight: 400;\">Homem, de 42 anos, morreu nessa ter\u00e7a-feira, 29. Comorbidade: Doen\u00e7a vascular perif\u00e9rica;<\/span><\/p>\n<p><span style=\"font-weight: 400;\">Idosa, de 61 anos, morreu nessa ter\u00e7a-feira, 29. Comorbidades: Doen\u00e7a Cardiovascular Cr\u00f4nica (DCC) e obesidade;<\/span><\/p>\n<p><span style=\"font-weight: 400;\">Idosa, de 81 anos, morreu nesta quarta-feira, 30. Comorbidades: Doen\u00e7a Cardiovascular Cr\u00f4nica (DCC), Doen\u00e7a Neurol\u00f3gica Cr\u00f4nica (DNC) e pneumopatia cr\u00f4nica;<\/span><\/p>\n<p><span style=\"font-weight: 400;\">Idoso, de 75 anos, morreu nesta quarta-feira, 30. Comorbidades: Doen\u00e7a Cardiovascular Cr\u00f4nica (DCC) e obesidade.<\/span><\/p>\n<p><b>Leitos\u00a0<\/b><\/p>\n<p><span style=\"font-weight: 400;\">Segundo informa\u00e7\u00f5es da PJF, os leitos de enfermaria est\u00e3o com 61,26% de ocupa\u00e7\u00e3o. J\u00e1 os os leitos de UTI e SUS, est\u00e3o com taxa de 70,70% e 72,25% respectivamente.<\/span><\/p>\n<p><b>Isolamento social<\/b><\/p>\n<p><span style=\"font-weight: 400;\">Conforme os dados divulgados pela Prefeitura, o munic\u00edpio apresenta taxa de isolamento social em 49,27%, cuja m\u00e9dia \u00e9 dos \u00faltimos sete dias. O valor continua superior \u00e0 taxa registrada em Minas Gerais, que \u00e9 de 48,43%.<\/span><\/p>\n<p><b>Casos e \u00f3bitos confirmados<\/b><\/p>\n<p>Na compara\u00e7\u00e3o com outras cidades do estado, Juiz de Fora permanece como s\u00e9timo munic\u00edpio com maior n\u00famero de casos confirmados. Segundo dados da Secretaria de Estado da Sa\u00fade de Minas Gerais (SES-MG), na primeira posi\u00e7\u00e3o aparece Belo Horizonte com 42.236, Uberl\u00e2ndia em segundo com 28.178, Contagem em terceiro com 9.075, Ipatinga em quarto com 8.649, Montes Claros em quinto com 8.445 e Governador Valadares em sexto com 7.306, estes s\u00e3o os munic\u00edpios que apresentam mais casos confirmados em compara\u00e7\u00e3o com Juiz de Fora.<\/p>\n<p>J\u00e1 na quest\u00e3o das mortes confirmadas, o munic\u00edpio continua na quinta posi\u00e7\u00e3o nesse quesito. Belo Horizonte lidera com 1.243 \u00f3bitos, Uberl\u00e2ndia \u00e9 o segundo com 561, Contagem em terceiro com 369 e Governador Valadares em quarto com 256.<\/p>\n","protected":false},"excerpt":{"rendered":"<p>O novo boletim epidemiol\u00f3gico divulgado nesta quarta-feira (30) pela Secretaria de Sa\u00fade (SS) da Prefeitura de Juiz de Fora (PJF), confirma que o munic\u00edpio registrou mais quatro mortes decorrentes de Covid-19, acumulando 222 \u00f3bitos. Conforme os dados, nas \u00faltimas 24h, foram registrados mais 59 novos casos, totalizando 6.060 pacientes infectados e 22.028 pessoas s\u00e3o suspeitas [&hellip;]<\/p>\n","protected":false},"author":96,"featured_media":161296,"comment_status":"closed","ping_status":"closed","sticky":false,"template":"","format":"standard","meta":{"footnotes":""},"categories":[253,436,440,439],"tags":[],"class_list":["post-170086","post","type-post","status-publish","format-standard","has-post-thumbnail","hentry","category-cidade","category-destaque-da-semana","category-destaques-do-dia","category-ultima-hora"],"_links":{"self":[{"href":"https:\/\/diarioregionaldigital.com.br\/index.php?rest_route=\/wp\/v2\/posts\/170086","targetHints":{"allow":["GET"]}}],"collection":[{"href":"https:\/\/diarioregionaldigital.com.br\/index.php?rest_route=\/wp\/v2\/posts"}],"about":[{"href":"https:\/\/diarioregionaldigital.com.br\/index.php?rest_route=\/wp\/v2\/types\/post"}],"author":[{"embeddable":true,"href":"https:\/\/diarioregionaldigital.com.br\/index.php?rest_route=\/wp\/v2\/users\/96"}],"replies":[{"embeddable":true,"href":"https:\/\/diarioregionaldigital.com.br\/index.php?rest_route=%2Fwp%2Fv2%2Fcomments&post=170086"}],"version-history":[{"count":0,"href":"https:\/\/diarioregionaldigital.com.br\/index.php?rest_route=\/wp\/v2\/posts\/170086\/revisions"}],"wp:featuredmedia":[{"embeddable":true,"href":"https:\/\/diarioregionaldigital.com.br\/index.php?rest_route=\/wp\/v2\/media\/161296"}],"wp:attachment":[{"href":"https:\/\/diarioregionaldigital.com.br\/index.php?rest_route=%2Fwp%2Fv2%2Fmedia&parent=170086"}],"wp:term":[{"taxonomy":"category","embeddable":true,"href":"https:\/\/diarioregionaldigital.com.br\/index.php?rest_route=%2Fwp%2Fv2%2Fcategories&post=170086"},{"taxonomy":"post_tag","embeddable":true,"href":"https:\/\/diarioregionaldigital.com.br\/index.php?rest_route=%2Fwp%2Fv2%2Ftags&post=170086"}],"curies":[{"name":"wp","href":"https:\/\/api.w.org\/{rel}","templated":true}]}}