{"id":170069,"date":"2020-09-30T17:15:29","date_gmt":"2020-09-30T20:15:29","guid":{"rendered":"https:\/\/diarioregionaldigital.com.br\/?p=170069"},"modified":"2020-09-30T17:15:29","modified_gmt":"2020-09-30T20:15:29","slug":"manutencao-pode-afetar-abastecimento-de-agua-no-bairro-milho-branco","status":"publish","type":"post","link":"https:\/\/diarioregionaldigital.com.br\/?p=170069","title":{"rendered":"Manuten\u00e7\u00e3o pode afetar abastecimento de \u00e1gua no Bairro Milho Branco"},"content":{"rendered":"<div id=\"box_texto_noticia\">Nesta quinta-feira, 1\u00ba de outubro, a partir das 8 horas, a Companhia de Saneamento Municipal (Cesama) realizar\u00e1 manuten\u00e7\u00e3o no reservat\u00f3rio de \u00e1gua do Bairro Milho Branco. Para execu\u00e7\u00e3o do servi\u00e7o ser\u00e1 necess\u00e1rio interromper o funcionamento da unidade, o que poder\u00e1 afetar o fornecimento de \u00e1gua na comunidade.<\/p>\n<p>A companhia pede aos moradores que economizem \u00e1gua durante realiza\u00e7\u00e3o da manuten\u00e7\u00e3o. A previs\u00e3o \u00e9 de que o abastecimento seja normalizado at\u00e9 a noite desta quinta-feira.<\/p>\n<\/div>\n<div><strong>Fonte:\u00a0<\/strong>Assessoria<\/div>\n<p>&nbsp;<\/p>\n<div id=\"box_compartilhar\" align=\"right\"><\/div>\n<div align=\"right\"><\/div>\n","protected":false},"excerpt":{"rendered":"<p>Nesta quinta-feira, 1\u00ba de outubro, a partir das 8 horas, a Companhia de Saneamento Municipal (Cesama) realizar\u00e1 manuten\u00e7\u00e3o no reservat\u00f3rio de \u00e1gua do Bairro Milho Branco. Para execu\u00e7\u00e3o do servi\u00e7o ser\u00e1 necess\u00e1rio interromper o funcionamento da unidade, o que poder\u00e1 afetar o fornecimento de \u00e1gua na comunidade. A companhia pede aos moradores que economizem \u00e1gua [&hellip;]<\/p>\n","protected":false},"author":96,"featured_media":170070,"comment_status":"closed","ping_status":"closed","sticky":false,"template":"","format":"standard","meta":{"footnotes":""},"categories":[253,436,439],"tags":[],"class_list":["post-170069","post","type-post","status-publish","format-standard","has-post-thumbnail","hentry","category-cidade","category-destaque-da-semana","category-ultima-hora"],"_links":{"self":[{"href":"https:\/\/diarioregionaldigital.com.br\/index.php?rest_route=\/wp\/v2\/posts\/170069","targetHints":{"allow":["GET"]}}],"collection":[{"href":"https:\/\/diarioregionaldigital.com.br\/index.php?rest_route=\/wp\/v2\/posts"}],"about":[{"href":"https:\/\/diarioregionaldigital.com.br\/index.php?rest_route=\/wp\/v2\/types\/post"}],"author":[{"embeddable":true,"href":"https:\/\/diarioregionaldigital.com.br\/index.php?rest_route=\/wp\/v2\/users\/96"}],"replies":[{"embeddable":true,"href":"https:\/\/diarioregionaldigital.com.br\/index.php?rest_route=%2Fwp%2Fv2%2Fcomments&post=170069"}],"version-history":[{"count":0,"href":"https:\/\/diarioregionaldigital.com.br\/index.php?rest_route=\/wp\/v2\/posts\/170069\/revisions"}],"wp:featuredmedia":[{"embeddable":true,"href":"https:\/\/diarioregionaldigital.com.br\/index.php?rest_route=\/wp\/v2\/media\/170070"}],"wp:attachment":[{"href":"https:\/\/diarioregionaldigital.com.br\/index.php?rest_route=%2Fwp%2Fv2%2Fmedia&parent=170069"}],"wp:term":[{"taxonomy":"category","embeddable":true,"href":"https:\/\/diarioregionaldigital.com.br\/index.php?rest_route=%2Fwp%2Fv2%2Fcategories&post=170069"},{"taxonomy":"post_tag","embeddable":true,"href":"https:\/\/diarioregionaldigital.com.br\/index.php?rest_route=%2Fwp%2Fv2%2Ftags&post=170069"}],"curies":[{"name":"wp","href":"https:\/\/api.w.org\/{rel}","templated":true}]}}