{"id":170066,"date":"2020-09-30T17:14:28","date_gmt":"2020-09-30T20:14:28","guid":{"rendered":"https:\/\/diarioregionaldigital.com.br\/?p=170066"},"modified":"2020-09-30T17:14:28","modified_gmt":"2020-09-30T20:14:28","slug":"acoes-de-preservacao-e-divulgacao-do-patrimonio-de-jf-sao-premiadas","status":"publish","type":"post","link":"https:\/\/diarioregionaldigital.com.br\/?p=170066","title":{"rendered":"A\u00e7\u00f5es de preserva\u00e7\u00e3o e divulga\u00e7\u00e3o do patrim\u00f4nio de JF s\u00e3o premiadas"},"content":{"rendered":"<p>Cinco a\u00e7\u00f5es desenvolvidas coletiva ou individualmente em defesa do patrim\u00f4nio cultural de Juiz de Fora foram reconhecidas na 15\u00aa edi\u00e7\u00e3o do \u201cPr\u00eamio Amigo do Patrim\u00f4nio\u201d. A comiss\u00e3o julgadora, que analisou 18 indica\u00e7\u00f5es, tamb\u00e9m outorgou duas men\u00e7\u00f5es honrosas. O pr\u00eamio \u00e9 organizado pelo Conselho Municipal de Preserva\u00e7\u00e3o do Patrim\u00f4nio Cultural (Comppac), com apoio da Funda\u00e7\u00e3o Cultural \u201cAlfredo Ferreira Lage\u201d (Funalfa), por meio da Divis\u00e3o de Patrim\u00f4nio Cultural (Dipac).<\/p>\n<p>Institu\u00eddo por meio da Lei 11.111\/2006, o reconhecimento \u00e9 concedido a pessoas f\u00edsicas e jur\u00eddicas que tenham praticado a\u00e7\u00f5es para conserva\u00e7\u00e3o, defesa e divulga\u00e7\u00e3o do patrim\u00f4nio, al\u00e9m de iniciativas que visem difundir conceitos que auxiliem na compreens\u00e3o do que \u00e9 patrim\u00f4nio cultural. Desde sua cria\u00e7\u00e3o, o pr\u00eamio j\u00e1 contemplou mais de cem iniciativas. \u201cNesta edi\u00e7\u00e3o, o \u2018Amigo do Patrim\u00f4nio\u2019 destacou um espectro plural e significativo de iniciativas praticadas no \u00e2mbito de Juiz de Fora\u201d, analisou a arquiteta Ana Lewer, respons\u00e1vel pelo Comppac na 15\u00aa edi\u00e7\u00e3o do pr\u00eamio.<\/p>\n<p><b>Neste ano, foram premiados:<\/b><\/p>\n<p>&#8211; \u201cJuiz de Fora: Cidade Negra &#8211; Centro de Refer\u00eancia Sobre a Mem\u00f3ria Negra na Cidade de Juiz de Fora\u201d &#8211; Trabalho executado no Laborat\u00f3rio de Hist\u00f3ria Oral e Imagem (Labhoi) da Universidade Federal de Juiz de Fora (UFJF), que busca evocar lugares de mem\u00f3ria de pretos em Juiz de Fora, bem como resgatar tradi\u00e7\u00f5es por meio de registros orais.<\/p>\n<p>&#8211; Carlos Fernando Ferreira da Cunha Jr., pelo document\u00e1rio \u201cVai Manter a Tradi\u00e7\u00e3o: o Samba em Juiz de Fora\u201d, que resgata e valoriza a mem\u00f3ria dos \u201cbambas\u201d e do samba como cultura popular e tradi\u00e7\u00e3o na cidade.<\/p>\n<p>&#8211; Ant\u00f4nio Henrique Weitzel, em reconhecimento \u00e0 sua vasta atua\u00e7\u00e3o na pesquisa e preserva\u00e7\u00e3o das tradi\u00e7\u00f5es e dos saberes, e em defesa da Cultura Popular, atrav\u00e9s de sua dedica\u00e7\u00e3o \u00e0 salvaguarda do folclore mineiro e nacional.<\/p>\n<p>&#8211; \u201cTe Vi Por A\u00ed\u201d, aplicativo idealizado por Francisco Carlos Moreira Gomes, professor mestre da UFJF, e pelos ge\u00f3grafos Ana Carolina de Souza Pereira, Lucas Pinheiro de Paula, Luciano Alves Soares Caramez, Gustavo Amaral Barbosa e R\u00f4mulo Montan Costa. Reconhecimento pela originalidade da proposta de georreferenciamento do espa\u00e7o urbano atual, em compara\u00e7\u00e3o com a cidade de Juiz de Fora desenhada por Saboya Ribeiro no s\u00e9culo 19.<\/p>\n<p>&#8211; Adolfo Lu\u00eds de Freitas, pelo projeto de maquete em Lego da Santa Casa de Miseric\u00f3rdia, em reconhecimento \u00e0 possibilidade educativa que o instrumento representa.<\/p>\n<p><b>Receberam men\u00e7\u00f5es honrosas:<\/b><\/p>\n<p>&#8211; Dalila Varela Singulane e a Karina Avelar de Almeida, pela cria\u00e7\u00e3o do \u201cAplicativo do Patrim\u00f4nio Cultural de Juiz de Fora\u201d, aprovado junto ao Minist\u00e9rio da Cidadania, que busca promover a populariza\u00e7\u00e3o do patrim\u00f4nio, facilitando o acesso \u00e0 informa\u00e7\u00e3o.<\/p>\n<p>&#8211; Coletivo Agrupa UFJF, pela importante iniciativa de recupera\u00e7\u00e3o de pain\u00e9is e monumentos, al\u00e9m da contribui\u00e7\u00e3o na preserva\u00e7\u00e3o de bens culturais no Munic\u00edpio.<\/p>\n<p><strong>Fonte:\u00a0<\/strong>Assessoria<\/p>\n","protected":false},"excerpt":{"rendered":"<p>Cinco a\u00e7\u00f5es desenvolvidas coletiva ou individualmente em defesa do patrim\u00f4nio cultural de Juiz de Fora foram reconhecidas na 15\u00aa edi\u00e7\u00e3o do \u201cPr\u00eamio Amigo do Patrim\u00f4nio\u201d. A comiss\u00e3o julgadora, que analisou 18 indica\u00e7\u00f5es, tamb\u00e9m outorgou duas men\u00e7\u00f5es honrosas. O pr\u00eamio \u00e9 organizado pelo Conselho Municipal de Preserva\u00e7\u00e3o do Patrim\u00f4nio Cultural (Comppac), com apoio da Funda\u00e7\u00e3o Cultural [&hellip;]<\/p>\n","protected":false},"author":96,"featured_media":170067,"comment_status":"closed","ping_status":"closed","sticky":false,"template":"","format":"standard","meta":{"footnotes":""},"categories":[256,436,262,439],"tags":[],"class_list":["post-170066","post","type-post","status-publish","format-standard","has-post-thumbnail","hentry","category-cultura","category-destaque-da-semana","category-noticias","category-ultima-hora"],"_links":{"self":[{"href":"https:\/\/diarioregionaldigital.com.br\/index.php?rest_route=\/wp\/v2\/posts\/170066","targetHints":{"allow":["GET"]}}],"collection":[{"href":"https:\/\/diarioregionaldigital.com.br\/index.php?rest_route=\/wp\/v2\/posts"}],"about":[{"href":"https:\/\/diarioregionaldigital.com.br\/index.php?rest_route=\/wp\/v2\/types\/post"}],"author":[{"embeddable":true,"href":"https:\/\/diarioregionaldigital.com.br\/index.php?rest_route=\/wp\/v2\/users\/96"}],"replies":[{"embeddable":true,"href":"https:\/\/diarioregionaldigital.com.br\/index.php?rest_route=%2Fwp%2Fv2%2Fcomments&post=170066"}],"version-history":[{"count":0,"href":"https:\/\/diarioregionaldigital.com.br\/index.php?rest_route=\/wp\/v2\/posts\/170066\/revisions"}],"wp:featuredmedia":[{"embeddable":true,"href":"https:\/\/diarioregionaldigital.com.br\/index.php?rest_route=\/wp\/v2\/media\/170067"}],"wp:attachment":[{"href":"https:\/\/diarioregionaldigital.com.br\/index.php?rest_route=%2Fwp%2Fv2%2Fmedia&parent=170066"}],"wp:term":[{"taxonomy":"category","embeddable":true,"href":"https:\/\/diarioregionaldigital.com.br\/index.php?rest_route=%2Fwp%2Fv2%2Fcategories&post=170066"},{"taxonomy":"post_tag","embeddable":true,"href":"https:\/\/diarioregionaldigital.com.br\/index.php?rest_route=%2Fwp%2Fv2%2Ftags&post=170066"}],"curies":[{"name":"wp","href":"https:\/\/api.w.org\/{rel}","templated":true}]}}