{"id":170063,"date":"2020-09-30T17:13:17","date_gmt":"2020-09-30T20:13:17","guid":{"rendered":"https:\/\/diarioregionaldigital.com.br\/?p=170063"},"modified":"2020-09-30T17:13:17","modified_gmt":"2020-09-30T20:13:17","slug":"eleicao-do-conselho-municipal-de-cultura-tem-novo-cronograma","status":"publish","type":"post","link":"https:\/\/diarioregionaldigital.com.br\/?p=170063","title":{"rendered":"Elei\u00e7\u00e3o do Conselho Municipal de Cultura tem novo cronograma"},"content":{"rendered":"<p>J\u00e1 est\u00e1 aberto o prazo de inscri\u00e7\u00f5es para artistas, produtores e entidades culturais com reconhecida atua\u00e7\u00e3o na \u00e1rea, que desejam concorrer a uma das cadeiras do Conselho Municipal de Cultura de Juiz de Fora (Concult). Ser\u00e3o eleitos 11 membros titulares e seus respectivos suplentes nas \u00e1reas de artes c\u00eanicas, artes urbanas, artes visuais, audiovisual, carnaval, cultura popular, dan\u00e7a, etnias, literatura, m\u00fasica e patrim\u00f4nio material e imaterial. Tamb\u00e9m ser\u00e3o eleitos um representante e um suplente como representantes de entidades culturais.<\/p>\n<p>As inscri\u00e7\u00f5es devem ser feitas at\u00e9 a zero hora de 7 de outubro, exclusivamente atrav\u00e9s do e-mail comissaoeleitoralconcultjf@gmail.com. O edital completo, com formul\u00e1rio de inscri\u00e7\u00e3o, regras e lista de documentos que dever\u00e3o ser anexados est\u00e1 dispon\u00edvel no link\u00a0<a href=\"https:\/\/bit.ly\/33fUbGz\">https:\/\/bit.ly\/33fUbGz<\/a>. Podem se candidatar a conselheiros pessoas f\u00edsicas, maiores de 18 anos ou legalmente emancipadas, comprovando resid\u00eancia no Munic\u00edpio h\u00e1, pelo menos, tr\u00eas anos. Tamb\u00e9m \u00e9 necess\u00e1rio possuir atua\u00e7\u00e3o reconhecida no \u00e2mbito das artes e da cultura. J\u00e1 os interessados em concorrer co mo representantes de entidades privadas devem comprovar sede e atua\u00e7\u00e3o das mesmas por, no m\u00ednimo, tr\u00eas anos em Juiz de Fora. O concorrente deve anexar c\u00f3pias autenticadas da ata de posse da atual diretoria e do estatuto, ambas registradas em cart\u00f3rio, al\u00e9m de encaminhar carta da entidade indicando seu representante no processo de escolha dos conselheiros.<\/p>\n<p>O candidato a conselheiro (pessoa jur\u00eddica) poder\u00e1 cadastrar-se tamb\u00e9m como eleitor, atrav\u00e9s de seu representante. Institui\u00e7\u00f5es j\u00e1 cadastradas junto ao Concult em elei\u00e7\u00f5es anteriores dever\u00e3o apenas informar sua condi\u00e7\u00e3o de inscri\u00e7\u00e3o pr\u00e9via e apresentar nova carta, indicando seu representante no processo eleitoral atual.<\/p>\n<p>Os conselheiros ser\u00e3o eleitos por maioria simples dos votos. Ter\u00e3o direito a voto pessoas maiores de 16 anos ou legalmente emancipadas e plenamente capazes, que estiverem previamente inscritas no Cadastro Municipal de Cultura, dispon\u00edvel no link\u00a0<a href=\"https:\/\/docs.google.com\/forms\/d\/e\/1FAIpQLSe8EAOnex6EvRdxvxlp9qZ2RXUpsTNmmPDyo2SM2r9UUEB9Rg\/viewform\">funalfa.com.br\/cadastro<\/a>. Em fun\u00e7\u00e3o da pandemia de covid-19, a vota\u00e7\u00e3o ocorrer\u00e1 em ambiente virtual, com votos no endere\u00e7o eletr\u00f4nico:\u00a0<a href=\"http:\/\/funalfa.com.br\/concult\">funalfa.com.br\/concult<\/a>.<\/p>\n<p>Cada eleitor poder\u00e1 votar uma \u00fanica vez, devendo escolher apenas uma op\u00e7\u00e3o dentre os candidatos inscritos. A plataforma eleitoral estar\u00e1 dispon\u00edvel a partir da zero hora de 18 de outubro at\u00e9 zero hora de 19 de outubro. A previs\u00e3o \u00e9 de que o resultado da elei\u00e7\u00e3o seja divulgado em 21 de outubro, no Portal da Prefeitura de Juiz de Fora (<a href=\"https:\/\/www.pjf.mg.gov.br\/\">pjf.mg.gov.br<\/a>).<\/p>\n<p>O Concult tem fun\u00e7\u00f5es deliberativas, normativas, fiscalizadoras e consultivas da Administra\u00e7\u00e3o Municipal no setor cultural, tendo por finalidades e compet\u00eancias, propor e fiscalizar a\u00e7\u00f5es e pol\u00edticas p\u00fablicas de desenvolvimento da cultura, a partir de indicativos governamentais e\/ou em parceria com agentes privados; promover e incentivar estudos, eventos, atividades permanentes e pesquisas na \u00e1rea da cultura; colaborar na formula\u00e7\u00e3o das diretrizes da pol\u00edtica; colaborar na articula\u00e7\u00e3o das a\u00e7\u00f5es entre os organismos p\u00fablicos e privados da \u00e1rea cultural; e emitir e analisar pareceres sobre quest\u00e3o t\u00e9cnico-cultural; entre outras.<\/p>\n<p><strong>Fonte:\u00a0<\/strong>Assessoria<\/p>\n","protected":false},"excerpt":{"rendered":"<p>J\u00e1 est\u00e1 aberto o prazo de inscri\u00e7\u00f5es para artistas, produtores e entidades culturais com reconhecida atua\u00e7\u00e3o na \u00e1rea, que desejam concorrer a uma das cadeiras do Conselho Municipal de Cultura de Juiz de Fora (Concult). Ser\u00e3o eleitos 11 membros titulares e seus respectivos suplentes nas \u00e1reas de artes c\u00eanicas, artes urbanas, artes visuais, audiovisual, carnaval, [&hellip;]<\/p>\n","protected":false},"author":96,"featured_media":170064,"comment_status":"closed","ping_status":"closed","sticky":false,"template":"","format":"standard","meta":{"footnotes":""},"categories":[256,436,262,439],"tags":[],"class_list":["post-170063","post","type-post","status-publish","format-standard","has-post-thumbnail","hentry","category-cultura","category-destaque-da-semana","category-noticias","category-ultima-hora"],"_links":{"self":[{"href":"https:\/\/diarioregionaldigital.com.br\/index.php?rest_route=\/wp\/v2\/posts\/170063","targetHints":{"allow":["GET"]}}],"collection":[{"href":"https:\/\/diarioregionaldigital.com.br\/index.php?rest_route=\/wp\/v2\/posts"}],"about":[{"href":"https:\/\/diarioregionaldigital.com.br\/index.php?rest_route=\/wp\/v2\/types\/post"}],"author":[{"embeddable":true,"href":"https:\/\/diarioregionaldigital.com.br\/index.php?rest_route=\/wp\/v2\/users\/96"}],"replies":[{"embeddable":true,"href":"https:\/\/diarioregionaldigital.com.br\/index.php?rest_route=%2Fwp%2Fv2%2Fcomments&post=170063"}],"version-history":[{"count":0,"href":"https:\/\/diarioregionaldigital.com.br\/index.php?rest_route=\/wp\/v2\/posts\/170063\/revisions"}],"wp:featuredmedia":[{"embeddable":true,"href":"https:\/\/diarioregionaldigital.com.br\/index.php?rest_route=\/wp\/v2\/media\/170064"}],"wp:attachment":[{"href":"https:\/\/diarioregionaldigital.com.br\/index.php?rest_route=%2Fwp%2Fv2%2Fmedia&parent=170063"}],"wp:term":[{"taxonomy":"category","embeddable":true,"href":"https:\/\/diarioregionaldigital.com.br\/index.php?rest_route=%2Fwp%2Fv2%2Fcategories&post=170063"},{"taxonomy":"post_tag","embeddable":true,"href":"https:\/\/diarioregionaldigital.com.br\/index.php?rest_route=%2Fwp%2Fv2%2Ftags&post=170063"}],"curies":[{"name":"wp","href":"https:\/\/api.w.org\/{rel}","templated":true}]}}