{"id":170053,"date":"2020-09-30T17:02:27","date_gmt":"2020-09-30T20:02:27","guid":{"rendered":"https:\/\/diarioregionaldigital.com.br\/?p=170053"},"modified":"2020-09-30T17:02:27","modified_gmt":"2020-09-30T20:02:27","slug":"pjf-confirma-datas-do-pagamento-de-setembro-dos-servidores","status":"publish","type":"post","link":"https:\/\/diarioregionaldigital.com.br\/?p=170053","title":{"rendered":"PJF confirma datas do pagamento de setembro dos servidores"},"content":{"rendered":"<p>A Prefeitura de Juiz de Fora (PJF) definiu as datas de pagamento do sal\u00e1rio dos servidores referente ao m\u00eas de setembro. A metodologia ser\u00e1 a mesma dos meses anteriores. A primeira parcela e a integral, para os que est\u00e3o na linha de frente de combate \u00e0 covid-19, ser\u00e3o pagas na ter\u00e7a-feira, 6 de outubro, quarto dia \u00fatil do m\u00eas. A segunda parcela ser\u00e1 quitada no dia 15 de outubro. A data foi definida ap\u00f3s a avalia\u00e7\u00e3o do fluxo financeiro do Munic\u00edpio e levando em considera\u00e7\u00e3o o recebimento de receitas como as dos impostos Sobre Servi\u00e7os de Qualquer Natureza (ISS), Predial e Territorial Urbano (IPTU) e Opera\u00e7\u00f5es relativas \u00e0 Circula\u00e7\u00e3o de Mercadorias e Presta\u00e7\u00e3o de Servi\u00e7os (ICMS), creditadas no Tesouro Municipal ap\u00f3s o quinto dia \u00fatil.<\/p>\n<p><b>Aqui, os detalhes sobre a forma de pagamento:<\/b><\/p>\n<p>&#8211; integral, no quarto dia \u00fatil de outubro (6), dos servidores ativos, que est\u00e3o trabalhando diretamente na linha de frente do combate \u00e0 covid-19 (risco direto), que fazem parte das secretarias de Sa\u00fade (SS), Desenvolvimento Social (SDS), Transporte e Tr\u00e2nsito (Settra), Seguran\u00e7a Urbana e Cidadania (Sesuc) e Meio Ambiente e Ordenamento Urbano (Semaur), e dos departamentos Municipal de Limpeza Urbana (Demlurb) e de Ambi\u00eancia Organizacional (Damor);<\/p>\n<p>&#8211; integral, no quarto dia \u00fatil de outubro (6), de todos os ativos, aposentados e pensionistas que recebem at\u00e9 R$ 2 mil l\u00edquidos;<\/p>\n<p>&#8211; escalonado, de ativos, aposentados e pensionistas que recebem acima de R$ 2 mil l\u00edquidos, sendo 60% do sal\u00e1rio no quarto dia \u00fatil de outubro (6) e 40% em 15 de outubro, ap\u00f3s o Munic\u00edpio ter recebido e processado receitas mensais como ISS, IPTU e ICMS, sendo resguardado que nenhum servidor receba menos de R$ 1.200 l\u00edquidos na primeira parcela.<\/p>\n<p><strong>Fonte:\u00a0<\/strong>Assessoria<\/p>\n","protected":false},"excerpt":{"rendered":"<p>A Prefeitura de Juiz de Fora (PJF) definiu as datas de pagamento do sal\u00e1rio dos servidores referente ao m\u00eas de setembro. A metodologia ser\u00e1 a mesma dos meses anteriores. A primeira parcela e a integral, para os que est\u00e3o na linha de frente de combate \u00e0 covid-19, ser\u00e3o pagas na ter\u00e7a-feira, 6 de outubro, quarto [&hellip;]<\/p>\n","protected":false},"author":96,"featured_media":170054,"comment_status":"closed","ping_status":"closed","sticky":false,"template":"","format":"standard","meta":{"footnotes":""},"categories":[253,436,439],"tags":[],"class_list":["post-170053","post","type-post","status-publish","format-standard","has-post-thumbnail","hentry","category-cidade","category-destaque-da-semana","category-ultima-hora"],"_links":{"self":[{"href":"https:\/\/diarioregionaldigital.com.br\/index.php?rest_route=\/wp\/v2\/posts\/170053","targetHints":{"allow":["GET"]}}],"collection":[{"href":"https:\/\/diarioregionaldigital.com.br\/index.php?rest_route=\/wp\/v2\/posts"}],"about":[{"href":"https:\/\/diarioregionaldigital.com.br\/index.php?rest_route=\/wp\/v2\/types\/post"}],"author":[{"embeddable":true,"href":"https:\/\/diarioregionaldigital.com.br\/index.php?rest_route=\/wp\/v2\/users\/96"}],"replies":[{"embeddable":true,"href":"https:\/\/diarioregionaldigital.com.br\/index.php?rest_route=%2Fwp%2Fv2%2Fcomments&post=170053"}],"version-history":[{"count":0,"href":"https:\/\/diarioregionaldigital.com.br\/index.php?rest_route=\/wp\/v2\/posts\/170053\/revisions"}],"wp:featuredmedia":[{"embeddable":true,"href":"https:\/\/diarioregionaldigital.com.br\/index.php?rest_route=\/wp\/v2\/media\/170054"}],"wp:attachment":[{"href":"https:\/\/diarioregionaldigital.com.br\/index.php?rest_route=%2Fwp%2Fv2%2Fmedia&parent=170053"}],"wp:term":[{"taxonomy":"category","embeddable":true,"href":"https:\/\/diarioregionaldigital.com.br\/index.php?rest_route=%2Fwp%2Fv2%2Fcategories&post=170053"},{"taxonomy":"post_tag","embeddable":true,"href":"https:\/\/diarioregionaldigital.com.br\/index.php?rest_route=%2Fwp%2Fv2%2Ftags&post=170053"}],"curies":[{"name":"wp","href":"https:\/\/api.w.org\/{rel}","templated":true}]}}