{"id":170051,"date":"2020-09-30T17:00:24","date_gmt":"2020-09-30T20:00:24","guid":{"rendered":"https:\/\/diarioregionaldigital.com.br\/?p=170051"},"modified":"2020-09-30T17:00:24","modified_gmt":"2020-09-30T20:00:24","slug":"pedido-de-destrancamento-de-curso-pode-ser-feito-ate-6a","status":"publish","type":"post","link":"https:\/\/diarioregionaldigital.com.br\/?p=170051","title":{"rendered":"Pedido de destrancamento de curso pode ser feito at\u00e9 6\u00aa"},"content":{"rendered":"<p>Estudantes da Universidade Federal de Juiz de Fora (UFJF) que queiram destrancar seus cursos t\u00eam at\u00e9 esta sexta-feira, dia 2, para fazer o procedimento. Ap\u00f3s a requisi\u00e7\u00e3o, o aluno ter\u00e1 acesso \u00e0s disciplinas oferecidas pelo ensino remoto emergencial, do primeiro semestre de 2020.<\/p>\n<p>Os interessados dever\u00e3o enviar um e-mail para\u00a0<a href=\"mailto:faleconosco@ufjf.edu.br\">faleconosco@ufjf.edu.br<\/a>\u00a0solicitando o destrancamento, juntamente com seu CPF, nome completo e n\u00famero de matr\u00edcula. \u00c9 importante ressaltar que, ao enviar a mensagem, o estudante utilize o e-mail que est\u00e1 cadastrado no SIGA.<\/p>\n<p>Neste momento de isolamento social, os pedidos devem ser feitos apenas de forma on-line via e-mail. A pessoa que encontrar algum tipo de dificuldade pode entrar em contato com a Central de Atendimento tanto pelo mesmo e-mail ou pelo n\u00famero (32) 2102-3911 (Whatsapp e fixo), de segunda a sexta-feira, das 8h \u00e0s 20h.<\/p>\n<p>O coordenador da Central de Atendimento de Juiz de Fora, Mauro Eduardo Leopoldino Vicente Pires, ressalta que o per\u00edodo \u00e9 para pedido de destrancamento de curso, e n\u00e3o de disciplinas. \u201cCaso a pessoa tenha trancado uma ou algumas disciplinas, mas n\u00e3o caracterizando trancamento de curso, ou seja, o trancamento n\u00e3o englobou a totalidade de disciplinas que se encontrava matriculada, a pessoa dever\u00e1 procurar sua coordena\u00e7\u00e3o de curso no prazo de ajuste de matr\u00edcula para fazer nova matr\u00edcula nas disciplinas do seu interesse.\u201d<\/p>\n<p><strong>Fonte:<\/strong> Assessoria<\/p>\n","protected":false},"excerpt":{"rendered":"<p>Estudantes da Universidade Federal de Juiz de Fora (UFJF) que queiram destrancar seus cursos t\u00eam at\u00e9 esta sexta-feira, dia 2, para fazer o procedimento. Ap\u00f3s a requisi\u00e7\u00e3o, o aluno ter\u00e1 acesso \u00e0s disciplinas oferecidas pelo ensino remoto emergencial, do primeiro semestre de 2020. Os interessados dever\u00e3o enviar um e-mail para\u00a0faleconosco@ufjf.edu.br\u00a0solicitando o destrancamento, juntamente com seu [&hellip;]<\/p>\n","protected":false},"author":96,"featured_media":163381,"comment_status":"closed","ping_status":"closed","sticky":false,"template":"","format":"standard","meta":{"footnotes":""},"categories":[253,436,439],"tags":[],"class_list":["post-170051","post","type-post","status-publish","format-standard","has-post-thumbnail","hentry","category-cidade","category-destaque-da-semana","category-ultima-hora"],"_links":{"self":[{"href":"https:\/\/diarioregionaldigital.com.br\/index.php?rest_route=\/wp\/v2\/posts\/170051","targetHints":{"allow":["GET"]}}],"collection":[{"href":"https:\/\/diarioregionaldigital.com.br\/index.php?rest_route=\/wp\/v2\/posts"}],"about":[{"href":"https:\/\/diarioregionaldigital.com.br\/index.php?rest_route=\/wp\/v2\/types\/post"}],"author":[{"embeddable":true,"href":"https:\/\/diarioregionaldigital.com.br\/index.php?rest_route=\/wp\/v2\/users\/96"}],"replies":[{"embeddable":true,"href":"https:\/\/diarioregionaldigital.com.br\/index.php?rest_route=%2Fwp%2Fv2%2Fcomments&post=170051"}],"version-history":[{"count":0,"href":"https:\/\/diarioregionaldigital.com.br\/index.php?rest_route=\/wp\/v2\/posts\/170051\/revisions"}],"wp:featuredmedia":[{"embeddable":true,"href":"https:\/\/diarioregionaldigital.com.br\/index.php?rest_route=\/wp\/v2\/media\/163381"}],"wp:attachment":[{"href":"https:\/\/diarioregionaldigital.com.br\/index.php?rest_route=%2Fwp%2Fv2%2Fmedia&parent=170051"}],"wp:term":[{"taxonomy":"category","embeddable":true,"href":"https:\/\/diarioregionaldigital.com.br\/index.php?rest_route=%2Fwp%2Fv2%2Fcategories&post=170051"},{"taxonomy":"post_tag","embeddable":true,"href":"https:\/\/diarioregionaldigital.com.br\/index.php?rest_route=%2Fwp%2Fv2%2Ftags&post=170051"}],"curies":[{"name":"wp","href":"https:\/\/api.w.org\/{rel}","templated":true}]}}