{"id":170049,"date":"2020-09-30T16:56:07","date_gmt":"2020-09-30T19:56:07","guid":{"rendered":"https:\/\/diarioregionaldigital.com.br\/?p=170049"},"modified":"2020-09-30T16:56:07","modified_gmt":"2020-09-30T19:56:07","slug":"ufjf-divulga-4a-reclassificacao-de-sisu-e-pism","status":"publish","type":"post","link":"https:\/\/diarioregionaldigital.com.br\/?p=170049","title":{"rendered":"UFJF divulga 4\u00aa Reclassifica\u00e7\u00e3o de Sisu e Pism"},"content":{"rendered":"<p>A Coordenadoria de Assuntos e Registros Acad\u00eamicos(Cdara), da Universidade Federal de Juiz de Fora(UFJF), publicou, nesta quarta-feira, 30, os editais da 4\u00aa Reclassifica\u00e7\u00e3o do Sistema de Sele\u00e7\u00e3o Unificada\u00a0(<a href=\"https:\/\/www2.ufjf.br\/cdara\/wp-content\/uploads\/sites\/82\/2020\/09\/4RECLASSSISU.pdf\">Sisu 2020.2<\/a>)\u00a0e do Processo de Ingresso Seletivo Misto\u00a0(<a href=\"https:\/\/www2.ufjf.br\/cdara\/wp-content\/uploads\/sites\/82\/2020\/09\/4RECLASSPISM.pdf\">Pism 2020<\/a>),\u00a0ambos para ingresso no segundo semestre letivo de 2020. Foram convocados 147 candidatos pelo Sisu e 15 pelo Pism, totalizando 162 reclassificados.<\/p>\n<p>Os convocados devem realizar a pr\u00e9-matr\u00edcula on-line at\u00e9 as 23h59 deste domingo, 4 de outubro. Al\u00e9m da pr\u00e9-matr\u00edcula, os reclassificados devem ficar atentos \u00e0s orienta\u00e7\u00f5es referentes \u00e0 documenta\u00e7\u00e3o para as matr\u00edculas do\u00a0<a href=\"https:\/\/www2.ufjf.br\/cdara\/graduacao\/matricula-graduacao\/sisu\/documentacao-datas-e-horarios-de-matricula-sisu-2a-edicao\/\">Sisu<\/a>\u00a0e do\u00a0<a href=\"https:\/\/www2.ufjf.br\/cdara\/graduacao\/matricula-graduacao\/pism-vestibular\/documentacao-datas-e-horarios-pism-2020\/\">Pism<\/a>.\u00a0As informa\u00e7\u00f5es est\u00e3o dispon\u00edveis no\u00a0<a href=\"https:\/\/www2.ufjf.br\/cdara\/2020\/09\/30\/4a-reclassificacao-do-sisu-e-do-pism-2020-2o-semestre\/\">site da Cdara<\/a>.<\/p>\n<p>A pr\u00e9-matr\u00edcula on-line e a entrega da documenta\u00e7\u00e3o s\u00e3o fases obrigat\u00f3rias da matr\u00edcula na UFJF. A n\u00e3o realiza\u00e7\u00e3o de ambas as etapas implica na perda da vaga.<\/p>\n<p>Caso ocorra algum erro para realiza\u00e7\u00e3o da pr\u00e9-matr\u00edcula, o candidato deve enviar e-mail para\u00a0<a href=\"mailto:cdara@ufjf.edu.br\">cdara@ufjf.edu.br<\/a>\u00a0at\u00e9 este domingo. A matr\u00edcula n\u00e3o poder\u00e1 ser requerida ap\u00f3s o per\u00edodo estabelecido para o respectivo\u00a0<a href=\"https:\/\/www2.ufjf.br\/cdara\/2020\/09\/30\/4a-reclassificacao-do-sisu-e-do-pism-2020-2o-semestre\/\">edital<\/a>.<\/p>\n<p><strong>Fonte:\u00a0<\/strong>Assessoria<\/p>\n","protected":false},"excerpt":{"rendered":"<p>A Coordenadoria de Assuntos e Registros Acad\u00eamicos(Cdara), da Universidade Federal de Juiz de Fora(UFJF), publicou, nesta quarta-feira, 30, os editais da 4\u00aa Reclassifica\u00e7\u00e3o do Sistema de Sele\u00e7\u00e3o Unificada\u00a0(Sisu 2020.2)\u00a0e do Processo de Ingresso Seletivo Misto\u00a0(Pism 2020),\u00a0ambos para ingresso no segundo semestre letivo de 2020. Foram convocados 147 candidatos pelo Sisu e 15 pelo Pism, totalizando [&hellip;]<\/p>\n","protected":false},"author":96,"featured_media":167186,"comment_status":"closed","ping_status":"closed","sticky":false,"template":"","format":"standard","meta":{"footnotes":""},"categories":[253,436,439],"tags":[],"class_list":["post-170049","post","type-post","status-publish","format-standard","has-post-thumbnail","hentry","category-cidade","category-destaque-da-semana","category-ultima-hora"],"_links":{"self":[{"href":"https:\/\/diarioregionaldigital.com.br\/index.php?rest_route=\/wp\/v2\/posts\/170049","targetHints":{"allow":["GET"]}}],"collection":[{"href":"https:\/\/diarioregionaldigital.com.br\/index.php?rest_route=\/wp\/v2\/posts"}],"about":[{"href":"https:\/\/diarioregionaldigital.com.br\/index.php?rest_route=\/wp\/v2\/types\/post"}],"author":[{"embeddable":true,"href":"https:\/\/diarioregionaldigital.com.br\/index.php?rest_route=\/wp\/v2\/users\/96"}],"replies":[{"embeddable":true,"href":"https:\/\/diarioregionaldigital.com.br\/index.php?rest_route=%2Fwp%2Fv2%2Fcomments&post=170049"}],"version-history":[{"count":0,"href":"https:\/\/diarioregionaldigital.com.br\/index.php?rest_route=\/wp\/v2\/posts\/170049\/revisions"}],"wp:featuredmedia":[{"embeddable":true,"href":"https:\/\/diarioregionaldigital.com.br\/index.php?rest_route=\/wp\/v2\/media\/167186"}],"wp:attachment":[{"href":"https:\/\/diarioregionaldigital.com.br\/index.php?rest_route=%2Fwp%2Fv2%2Fmedia&parent=170049"}],"wp:term":[{"taxonomy":"category","embeddable":true,"href":"https:\/\/diarioregionaldigital.com.br\/index.php?rest_route=%2Fwp%2Fv2%2Fcategories&post=170049"},{"taxonomy":"post_tag","embeddable":true,"href":"https:\/\/diarioregionaldigital.com.br\/index.php?rest_route=%2Fwp%2Fv2%2Ftags&post=170049"}],"curies":[{"name":"wp","href":"https:\/\/api.w.org\/{rel}","templated":true}]}}