{"id":170047,"date":"2020-09-30T15:42:29","date_gmt":"2020-09-30T18:42:29","guid":{"rendered":"https:\/\/diarioregionaldigital.com.br\/?p=170047"},"modified":"2020-09-30T15:42:29","modified_gmt":"2020-09-30T18:42:29","slug":"comite-organizador-divulga-novo-cronograma-do-revezamento-da-tocha-paralimpica","status":"publish","type":"post","link":"https:\/\/diarioregionaldigital.com.br\/?p=170047","title":{"rendered":"Comit\u00ea Organizador divulga novo cronograma do revezamento da tocha paral\u00edmpica"},"content":{"rendered":"<p><span style=\"font-weight: 400;\">O Comit\u00ea Organizador dos Jogos Ol\u00edmpicos e Paral\u00edmpicos de T\u00f3quio 2020 divulgou um novo cronograma para o revezamento da tocha paral\u00edmpica dos Jogos de T\u00f3quio, adiados para agosto de 2021.<\/span><\/p>\n<p><span style=\"font-weight: 400;\">No novo plano, foi estabelecido que o revezamento ser\u00e1 de 12 a 24 de agosto, durante o per\u00edodo de transi\u00e7\u00e3o dos Jogos Ol\u00edmpicos para os Jogos Paral\u00edmpicos. O objetivo \u00e9 criar uma atmosfera festiva na prepara\u00e7\u00e3o para os Jogos Paral\u00edmpicos, mantendo a din\u00e2mica gerada pelo megaevento anterior.<\/span><\/p>\n<p><span style=\"font-weight: 400;\">Alinhado ao conceito \u201cCompartilhe sua Luz\u201d, tr\u00eas pessoas que se encontram pela primeira vez v\u00e3o se reunir para formar equipes de corredores. Espera-se que os Jogos Paral\u00edmpicos ofere\u00e7am \u00e0s pessoas a oportunidade de refletir sobre uma nova parceria e a sociedade, ajudando a promover uma sociedade mais inclusiva.<\/span><\/p>\n<p><b>Cronograma<\/b><\/p>\n<p><span style=\"font-weight: 400;\">As datas programadas para cada prov\u00edncia (regi\u00e3o) do pa\u00eds asi\u00e1tico em 2021 ser\u00e3o um dia antes das datas programadas originalmente em 2020, ou seja, os dias da semana corresponder\u00e3o \u00e0 programa\u00e7\u00e3o anterior. A partir de 12 de agosto, festivais de ilumina\u00e7\u00e3o de chamas ser\u00e3o realizados em todas as 47 prov\u00edncias do Jap\u00e3o.<\/span><\/p>\n<p><span style=\"font-weight: 400;\">As chamas individuais ser\u00e3o reunidas e se tornar\u00e3o uma \u00fanica chama paral\u00edmpica em um evento de jun\u00e7\u00e3o das chamas em T\u00f3quio no dia 20 de agosto, quando ser\u00e3o combinadas com uma chama que ter\u00e1 sido acesa em um evento de ilumina\u00e7\u00e3o chamado \u201cHeritage Flame\u201d, em Stoke Mandeville, na Gr\u00e3-Bretanha, o ber\u00e7o espiritual do Movimento Paral\u00edmpico. O \u201cFlame\u201d far\u00e1 um tour pela capital japonesa durante o revezamento da tocha Paral\u00edmpica de 21 a 24 de agosto, o dia da cerim\u00f4nia de abertura dos Jogos Paral\u00edmpicos de T\u00f3quio 2020.<\/span><\/p>\n<p><b>Munic\u00edpios<\/b><\/p>\n<p><span style=\"font-weight: 400;\">A princ\u00edpio, os mesmos munic\u00edpios locais na Prefeitura de Shizuoka, Prefeitura de Chiba, Prefeitura de Saitama e T\u00f3quio administrar\u00e3o os segmentos de Revezamento da Tocha Paral\u00edmpica em 2021. A rota planejada e outros aspectos do revezamento em cada munic\u00edpio levar\u00e3o em considera\u00e7\u00e3o a situa\u00e7\u00e3o da Covid-19.<\/span><\/p>\n<p><b>Condutores<\/b><\/p>\n<p><span style=\"font-weight: 400;\">N\u00e3o est\u00e3o previstas mudan\u00e7as nos planos anunciados para o revezamento originalmente programado para este ano. Haver\u00e1 cerca de 1 mil pessoas que conduzir\u00e3o a tocha e que foram selecionados entre os que se inscreveram em fevereiro de 2020, e eles ser\u00e3o organizados em grupos de tr\u00eas. O T\u00f3quio 2020 anunciar\u00e1 separadamente uma programa\u00e7\u00e3o detalhada que incluir\u00e1 os grupos e setores designados a cada um dos portadores da tocha.<\/span><\/p>\n<p><b>Mudan\u00e7as<\/b><\/p>\n<p><span style=\"font-weight: 400;\">Em coopera\u00e7\u00e3o com todos os oficiais dos Jogos e partes interessadas, os Jogos Paral\u00edmpicos remarcados ser\u00e3o &#8220;Jogos simplificados&#8221;. T\u00f3quio 2020, portanto, est\u00e1 pensando em como realizar o revezamento da tocha paral\u00edmpica de forma mais simples e eficiente.<\/span><\/p>\n<p><span style=\"font-weight: 400;\">Os pontos em discuss\u00e3o incluem a redu\u00e7\u00e3o do tamanho dos comboios de ve\u00edculos, da simplifica\u00e7\u00e3o das cerim\u00f4nias de partida nos locais de revezamento da tocha nas prefeituras de Shizuoka, Chiba e Saitama, e o evento de celebra\u00e7\u00e3o em T\u00f3quio, revisando a decora\u00e7\u00e3o e os equipamentos fornecidos nos locais, e a melhora da efici\u00eancia de outros aspectos da opera\u00e7\u00e3o de revezamento e prepara\u00e7\u00f5es para o revezamento, incluindo uma revis\u00e3o do n\u00famero de funcion\u00e1rios envolvidos.<\/span><\/p>\n<p><b>Medidas contra Covid-19<\/b><\/p>\n<p><span style=\"font-weight: 400;\">O Comit\u00ea de T\u00f3quio 2020 est\u00e1 revisando uma s\u00e9rie de medidas para evitar a propaga\u00e7\u00e3o da Covid-19 durante o revezamento da tocha, consultando os especialistas e as autoridades de sa\u00fade com o objetivo de garantir um evento seguro e protegido, e planeja anunciar detalhes assim que forem decididos.<\/span><\/p>\n<p><strong>Fonte:<\/strong> CPB<\/p>\n","protected":false},"excerpt":{"rendered":"<p>O Comit\u00ea Organizador dos Jogos Ol\u00edmpicos e Paral\u00edmpicos de T\u00f3quio 2020 divulgou um novo cronograma para o revezamento da tocha paral\u00edmpica dos Jogos de T\u00f3quio, adiados para agosto de 2021. No novo plano, foi estabelecido que o revezamento ser\u00e1 de 12 a 24 de agosto, durante o per\u00edodo de transi\u00e7\u00e3o dos Jogos Ol\u00edmpicos para os [&hellip;]<\/p>\n","protected":false},"author":96,"featured_media":157166,"comment_status":"closed","ping_status":"closed","sticky":false,"template":"","format":"standard","meta":{"footnotes":""},"categories":[436,257,439],"tags":[],"class_list":["post-170047","post","type-post","status-publish","format-standard","has-post-thumbnail","hentry","category-destaque-da-semana","category-esporte","category-ultima-hora"],"_links":{"self":[{"href":"https:\/\/diarioregionaldigital.com.br\/index.php?rest_route=\/wp\/v2\/posts\/170047","targetHints":{"allow":["GET"]}}],"collection":[{"href":"https:\/\/diarioregionaldigital.com.br\/index.php?rest_route=\/wp\/v2\/posts"}],"about":[{"href":"https:\/\/diarioregionaldigital.com.br\/index.php?rest_route=\/wp\/v2\/types\/post"}],"author":[{"embeddable":true,"href":"https:\/\/diarioregionaldigital.com.br\/index.php?rest_route=\/wp\/v2\/users\/96"}],"replies":[{"embeddable":true,"href":"https:\/\/diarioregionaldigital.com.br\/index.php?rest_route=%2Fwp%2Fv2%2Fcomments&post=170047"}],"version-history":[{"count":0,"href":"https:\/\/diarioregionaldigital.com.br\/index.php?rest_route=\/wp\/v2\/posts\/170047\/revisions"}],"wp:featuredmedia":[{"embeddable":true,"href":"https:\/\/diarioregionaldigital.com.br\/index.php?rest_route=\/wp\/v2\/media\/157166"}],"wp:attachment":[{"href":"https:\/\/diarioregionaldigital.com.br\/index.php?rest_route=%2Fwp%2Fv2%2Fmedia&parent=170047"}],"wp:term":[{"taxonomy":"category","embeddable":true,"href":"https:\/\/diarioregionaldigital.com.br\/index.php?rest_route=%2Fwp%2Fv2%2Fcategories&post=170047"},{"taxonomy":"post_tag","embeddable":true,"href":"https:\/\/diarioregionaldigital.com.br\/index.php?rest_route=%2Fwp%2Fv2%2Ftags&post=170047"}],"curies":[{"name":"wp","href":"https:\/\/api.w.org\/{rel}","templated":true}]}}