{"id":170035,"date":"2020-09-30T15:03:20","date_gmt":"2020-09-30T18:03:20","guid":{"rendered":"https:\/\/diarioregionaldigital.com.br\/?p=170035"},"modified":"2020-09-30T15:03:20","modified_gmt":"2020-09-30T18:03:20","slug":"tecnica-da-selecao-feminina-pia-sundhage-visita-o-ct-vale-das-laranjeiras-em-xerem","status":"publish","type":"post","link":"https:\/\/diarioregionaldigital.com.br\/?p=170035","title":{"rendered":"T\u00e9cnica da Sele\u00e7\u00e3o Feminina, Pia Sundhage, visita o CT Vale das Laranjeiras em Xer\u00e9m"},"content":{"rendered":"<p><span style=\"font-weight: 400;\">A treinadora da Sele\u00e7\u00e3o Feminina, Pia Sundhage, esteve presente na ter\u00e7a-feira (29), no Centro de Treinamento Vale das Laranjeiras, em Xer\u00e9m-RJ, acompanhada de Jonas Urias, t\u00e9cnico da sele\u00e7\u00e3o brasileira feminina sub-20, Duda Luizelli, coordenadora de sele\u00e7\u00f5es femininas e Miguel Ernesto, supervisor de sele\u00e7\u00f5es femininas.\u00a0<\/span><\/p>\n<p><span style=\"font-weight: 400;\">O objetivo da visita foi observar o trabalho que o Fluminense tem feito nas categorias que treinam no local. O Tricolor se prepara para a estreia no Campeonato Brasileiro Feminino A-2, in\u00edcio previsto para o m\u00eas de outubro.\u00a0<\/span><\/p>\n<p><span style=\"font-weight: 400;\">Al\u00e9m disso, o encontro faz parte do cronograma de todas as comiss\u00f5es das sele\u00e7\u00f5es femininas, Principal, Sub-20 e Sub-17, visando a fase final do Sul-Americano Sub-20, previsto para novembro, e os Jogos Ol\u00edmpicos de T\u00f3quio 2020, adiados para 2021.<\/span><\/p>\n<p><span style=\"font-weight: 400;\">A comiss\u00e3o foi recepcionada pela gerente de futebol feminino, Amanda Storck, pelo diretor executivo da base masculina, Ant\u00f4nio Garcia, pela treinadora do futebol feminino do Fluminense, Thaissan Passos e pelo supervisor t\u00e9cnico, Marco Brito.\u00a0<\/span><\/p>\n<p><span style=\"font-weight: 400;\">Durante a visita no local, a comiss\u00e3o t\u00e9cnica conheceu toda a estrutura, que \u00e9 dividida entre a base masculina e o futebol feminino. O grupo teve acesso \u00e0s instala\u00e7\u00f5es do CTVL e informa\u00e7\u00f5es sobre a metodologia aplicada no local.\u00a0<\/span><\/p>\n<p><span style=\"font-weight: 400;\">Antes de observar a sess\u00e3o de treinamentos das jogadoras, a comiss\u00e3o t\u00e9cnica do Brasil esteve presente em uma palestra realizada no audit\u00f3rio. Os membros tiveram a oportunidade de conhecer a metodologia DNA Tricolor e junto aos coordenadores metodol\u00f3gicos, entenderam que o futebol feminino do Fluminense busca se adaptar e tamb\u00e9m introduzir o projeto, respeitando todas as diferen\u00e7as que existem na forma\u00e7\u00e3o do futebol feminino.<\/span><\/p>\n<p><span style=\"font-weight: 400;\">Pia comentou sobre o desenvolvimento da modalidade no Brasil e sobre a estrutura oferecida para as jogadoras do Fluminense. \u201cEstou aqui no Brasil h\u00e1 um ano apenas mas consigo perceber nos olhos dos treinadores que eles est\u00e3o no caminho certo, do desenvolvimento\u201d, destacou a sueca, que completou \u201cMuito importante ter uma estrutura como essa de Xer\u00e9m para as jogadoras, um espa\u00e7o para elas treinarem e se aperfei\u00e7oarem\u201d, completou a treinadora.<\/span><\/p>\n<p><span style=\"font-weight: 400;\">J\u00e1 a gerente de futebol feminino do Fluminense, Amanda Storck, avaliou a visita da comiss\u00e3o t\u00e9cnica em Xer\u00e9m e destaca que contribui para o desenvolvimento do futebol feminino no tricolor carioca:<\/span><\/p>\n<p><span style=\"font-weight: 400;\">\u201cA visita foi incr\u00edvel para o nosso trabalho, a certeza de que estamos no caminho certo. O feedback foi muito positivo, com as instala\u00e7\u00f5es, a nossa parte t\u00e9cnica e a constru\u00e7\u00e3o coletiva. Tamb\u00e9m foi muito importante a presen\u00e7a da Duda, que acabou de assumir o cargo como coordenadora de sele\u00e7\u00f5es, para que pudesse conhecer o nosso trabalho, um dos primeiros clubes no Brasil a juntar base masculina e futebol feminino no mesmo centro de treinamento, isso ainda \u00e9 muito novo no Brasil e muito comum na Europa, a Pia inclusive comentou isso. A visita foi muito positiva\u201d.<\/span><\/p>\n","protected":false},"excerpt":{"rendered":"<p>A treinadora da Sele\u00e7\u00e3o Feminina, Pia Sundhage, esteve presente na ter\u00e7a-feira (29), no Centro de Treinamento Vale das Laranjeiras, em Xer\u00e9m-RJ, acompanhada de Jonas Urias, t\u00e9cnico da sele\u00e7\u00e3o brasileira feminina sub-20, Duda Luizelli, coordenadora de sele\u00e7\u00f5es femininas e Miguel Ernesto, supervisor de sele\u00e7\u00f5es femininas.\u00a0 O objetivo da visita foi observar o trabalho que o Fluminense [&hellip;]<\/p>\n","protected":false},"author":96,"featured_media":170036,"comment_status":"closed","ping_status":"closed","sticky":false,"template":"","format":"standard","meta":{"footnotes":""},"categories":[436,257,439],"tags":[],"class_list":["post-170035","post","type-post","status-publish","format-standard","has-post-thumbnail","hentry","category-destaque-da-semana","category-esporte","category-ultima-hora"],"_links":{"self":[{"href":"https:\/\/diarioregionaldigital.com.br\/index.php?rest_route=\/wp\/v2\/posts\/170035","targetHints":{"allow":["GET"]}}],"collection":[{"href":"https:\/\/diarioregionaldigital.com.br\/index.php?rest_route=\/wp\/v2\/posts"}],"about":[{"href":"https:\/\/diarioregionaldigital.com.br\/index.php?rest_route=\/wp\/v2\/types\/post"}],"author":[{"embeddable":true,"href":"https:\/\/diarioregionaldigital.com.br\/index.php?rest_route=\/wp\/v2\/users\/96"}],"replies":[{"embeddable":true,"href":"https:\/\/diarioregionaldigital.com.br\/index.php?rest_route=%2Fwp%2Fv2%2Fcomments&post=170035"}],"version-history":[{"count":0,"href":"https:\/\/diarioregionaldigital.com.br\/index.php?rest_route=\/wp\/v2\/posts\/170035\/revisions"}],"wp:featuredmedia":[{"embeddable":true,"href":"https:\/\/diarioregionaldigital.com.br\/index.php?rest_route=\/wp\/v2\/media\/170036"}],"wp:attachment":[{"href":"https:\/\/diarioregionaldigital.com.br\/index.php?rest_route=%2Fwp%2Fv2%2Fmedia&parent=170035"}],"wp:term":[{"taxonomy":"category","embeddable":true,"href":"https:\/\/diarioregionaldigital.com.br\/index.php?rest_route=%2Fwp%2Fv2%2Fcategories&post=170035"},{"taxonomy":"post_tag","embeddable":true,"href":"https:\/\/diarioregionaldigital.com.br\/index.php?rest_route=%2Fwp%2Fv2%2Ftags&post=170035"}],"curies":[{"name":"wp","href":"https:\/\/api.w.org\/{rel}","templated":true}]}}