{"id":170030,"date":"2020-09-30T14:27:24","date_gmt":"2020-09-30T17:27:24","guid":{"rendered":"https:\/\/diarioregionaldigital.com.br\/?p=170030"},"modified":"2020-09-30T14:27:24","modified_gmt":"2020-09-30T17:27:24","slug":"parque-estadual-do-ibitipoca-tem-reabertura-remarcada-para-a-proxima-semana","status":"publish","type":"post","link":"https:\/\/diarioregionaldigital.com.br\/?p=170030","title":{"rendered":"Parque Estadual do Ibitipoca tem reabertura remarcada para a pr\u00f3xima semana"},"content":{"rendered":"<p><span style=\"font-weight: 400;\">Ap\u00f3s o inc\u00eandio atingir 500 hectares do Parque Estadual do Ibitipoca, localizado no munic\u00edpio de Lima Duarte, o Instituto Estadual de Florestas (IEF), anunciou nesta quarta-feira (30), que o local ser\u00e1 reaberto na pr\u00f3xima, na quarta-feira (7).<\/span><\/p>\n<p><span style=\"font-weight: 400;\">A princ\u00edpio, o local voltaria a receber o p\u00fablico na data de hoje, entretanto, por conta das chamas que atingiram a vegeta\u00e7\u00e3o do parque, a reabertura deve de ser adiada para semana que vem. O inc\u00eandio teve in\u00edcio na noite de domingo (27) e foi totalmente controlado na ter\u00e7a-feira (29).<\/span><\/p>\n<p><span style=\"font-weight: 400;\">Conforme o diretor-geral do IEF, Ant\u00f4nio Malard, apesar do fogo ter sido controlado nas \u00e1reas atingidas, est\u00e1 sendo feita intensa fiscaliza\u00e7\u00e3o, para garantir que n\u00e3o tenha ocorr\u00eancias de inc\u00eandio:<\/span><\/p>\n<p><span style=\"font-weight: 400;\">&#8220;Desde domingo, n\u00f3s temos cerca de 100 pessoas, entre brigadistas, volunt\u00e1rios, servidores do IEF, a comunidade, Corpo de Bombeiros, Pol\u00edcia Militar atuando efetivamente no combate a esse inc\u00eandio. N\u00f3s tivemos, infelizmente, uma \u00e1rea queimada no interior da unidade de 350 hectares e na zona de amortecimento 150 hectares. Al\u00e9m desse aparato humano, n\u00f3s contamos com cerca de 10 ve\u00edculos, quatro aeronaves &#8211; sendo 2 helic\u00f3pteros e 2 avi\u00f5es air tractors- que fazem o lan\u00e7amento de \u00e1gua, al\u00e9m de uma ambul\u00e2ncia que ficou \u00e0 disposi\u00e7\u00e3o, mas que felizmente n\u00e3o precisou ser utilizada. Na pr\u00f3xima segunda-feira (6)estar\u00e1 dispon\u00edvel o servi\u00e7o de agendamento&#8221;.<\/span><\/p>\n<p><span style=\"font-weight: 400;\">O diretor do \u00f3rg\u00e3o explica que em todos os anos, s\u00e3o feitas campanhas de conscientiza\u00e7\u00e3o de preven\u00e7\u00e3o ao inc\u00eandio em \u00e1reas florestais. Para Ant\u00f4nio, \u00e9 de suma import\u00e2ncia que sejam feitos os trabalhos <\/span><span style=\"font-weight: 400;\">de comunica\u00e7\u00e3o e educa\u00e7\u00e3o ambiental:<\/span><\/p>\n<p><span style=\"font-weight: 400;\">\u201cO objetivo \u00e9 garantir que a popula\u00e7\u00e3o n\u00e3o coloque em risco a unidade de conserva\u00e7\u00e3o. Prevenir \u00e9 sempre a melhor a\u00e7\u00e3o, porque combater torna-se muito complicado como foi mostrado nessa a\u00e7\u00e3o, especificamente, em Ibitipoca&#8221; completa o diretor, dizendo que cerca de 99% dos inc\u00eandios s\u00e3o provocados pelo homem.\u00a0<\/span><\/p>\n<p><b>Inc\u00eandio na vegeta\u00e7\u00e3o do parque<\/b><\/p>\n<p><span style=\"font-weight: 400;\">Na madrugada de segunda-feira (28), o Corpo de Bombeiros confirmou a ocorr\u00eancia de inc\u00eandio, na regi\u00e3o do Parque Estadual do Ibitipoca. As primeiras informa\u00e7\u00f5es divulgadas, apontaram que o fogo teve in\u00edcio em uma \u00e1rea de vegeta\u00e7\u00e3o, ao lado do parque.<\/span><\/p>\n<p><span style=\"font-weight: 400;\">Al\u00e9m disso, os Bombeiros informaram tamb\u00e9m que as chamas n\u00e3o atingiram nenhuma estrutura do parque, como a portaria e que os focos se espalharam pela mata. As equipes presentes no local, entre bombeiros e volunt\u00e1rios civis, foram auxiliadas com lan\u00e7amento de \u00e1gua pelo helic\u00f3ptero do Corpo de Bombeiros e por avi\u00e3o air tractor do IEF, o qual jogou grandes quantidades de \u00e1gua nas \u00e1reas queimadas.<\/span><\/p>\n","protected":false},"excerpt":{"rendered":"<p>Ap\u00f3s o inc\u00eandio atingir 500 hectares do Parque Estadual do Ibitipoca, localizado no munic\u00edpio de Lima Duarte, o Instituto Estadual de Florestas (IEF), anunciou nesta quarta-feira (30), que o local ser\u00e1 reaberto na pr\u00f3xima, na quarta-feira (7). A princ\u00edpio, o local voltaria a receber o p\u00fablico na data de hoje, entretanto, por conta das chamas [&hellip;]<\/p>\n","protected":false},"author":96,"featured_media":170031,"comment_status":"closed","ping_status":"closed","sticky":false,"template":"","format":"standard","meta":{"footnotes":""},"categories":[436,440,252,439],"tags":[],"class_list":["post-170030","post","type-post","status-publish","format-standard","has-post-thumbnail","hentry","category-destaque-da-semana","category-destaques-do-dia","category-regiao","category-ultima-hora"],"_links":{"self":[{"href":"https:\/\/diarioregionaldigital.com.br\/index.php?rest_route=\/wp\/v2\/posts\/170030","targetHints":{"allow":["GET"]}}],"collection":[{"href":"https:\/\/diarioregionaldigital.com.br\/index.php?rest_route=\/wp\/v2\/posts"}],"about":[{"href":"https:\/\/diarioregionaldigital.com.br\/index.php?rest_route=\/wp\/v2\/types\/post"}],"author":[{"embeddable":true,"href":"https:\/\/diarioregionaldigital.com.br\/index.php?rest_route=\/wp\/v2\/users\/96"}],"replies":[{"embeddable":true,"href":"https:\/\/diarioregionaldigital.com.br\/index.php?rest_route=%2Fwp%2Fv2%2Fcomments&post=170030"}],"version-history":[{"count":0,"href":"https:\/\/diarioregionaldigital.com.br\/index.php?rest_route=\/wp\/v2\/posts\/170030\/revisions"}],"wp:featuredmedia":[{"embeddable":true,"href":"https:\/\/diarioregionaldigital.com.br\/index.php?rest_route=\/wp\/v2\/media\/170031"}],"wp:attachment":[{"href":"https:\/\/diarioregionaldigital.com.br\/index.php?rest_route=%2Fwp%2Fv2%2Fmedia&parent=170030"}],"wp:term":[{"taxonomy":"category","embeddable":true,"href":"https:\/\/diarioregionaldigital.com.br\/index.php?rest_route=%2Fwp%2Fv2%2Fcategories&post=170030"},{"taxonomy":"post_tag","embeddable":true,"href":"https:\/\/diarioregionaldigital.com.br\/index.php?rest_route=%2Fwp%2Fv2%2Ftags&post=170030"}],"curies":[{"name":"wp","href":"https:\/\/api.w.org\/{rel}","templated":true}]}}