{"id":170022,"date":"2020-09-30T13:33:29","date_gmt":"2020-09-30T16:33:29","guid":{"rendered":"https:\/\/diarioregionaldigital.com.br\/?p=170022"},"modified":"2020-09-30T13:33:29","modified_gmt":"2020-09-30T16:33:29","slug":"renovacao-de-matricula-para-2021-na-rede-estadual-sera-on-line","status":"publish","type":"post","link":"https:\/\/diarioregionaldigital.com.br\/?p=170022","title":{"rendered":"Renova\u00e7\u00e3o de matr\u00edcula para 2021 na rede estadual ser\u00e1 on-line"},"content":{"rendered":"<p><main class=\"clear margin-md-bottom-3\"><\/p>\n<div class=\"clear col-md-10 col-md-offset-1 \">\n<p>A renova\u00e7\u00e3o da matr\u00edcula dos estudantes da rede p\u00fablica estadual de Minas que pretendem permanecer na mesma escola estar\u00e1 aberta entre 9 e 30\/10. Neste ano, de acordo com a Resolu\u00e7\u00e3o SEE 4.421, publicada nesta quarta-feira (30\/9),\u00a0<a href=\"https:\/\/www.jornalminasgerais.mg.gov.br\/?dataJornal=2020-09-30#caderno-jornal\" target=\"_blank\" rel=\"noopener noreferrer\">na p\u00e1gina 24, do Di\u00e1rio Oficial do Estado<\/a>, o processo ser\u00e1 feito de forma on-line, sem necessidade de comparecimento\u00a0\u00e0 unidade de ensino.<\/p>\n<p>A renova\u00e7\u00e3o de matr\u00edcula ser\u00e1 formalizada pelos respons\u00e1veis ou pelo pr\u00f3prio aluno, quando maior de idade, no endere\u00e7o\u00a0<a href=\"http:\/\/www.renovacao.educacao.mg.gov.br\/\" target=\"_blank\" rel=\"noopener noreferrer\">www.renovacao.educacao.mg.gov.br<\/a>. No caso dos estudantes que n\u00e3o t\u00eam acesso \u00e0 internet, as fam\u00edlias devem entrar em contato com a escola por telefone, aplicativo de mensagens\u00a0ou\u00a0outros meios dispon\u00edveis, dentro deste mesmo per\u00edodo.<\/p>\n<p>O aluno que j\u00e1 est\u00e1 matriculado, em 2020, na escola estadual, e que dar\u00e1 continuidade aos estudos em 2021, ter\u00e1 assegurado o direito de perman\u00eancia na mesma unidade de ensino, desde que haja turmas previstas para o ano seguinte ou, nos casos de reten\u00e7\u00e3o, para o mesmo ano que cursou. Para quem pretende mudar de escola ou trocar de outra rede para a estadual, ser\u00e1 preciso aguardar o cadastramento escolar, em novembro.<\/p>\n<p>Os documentos que comprovam os dados informados na renova\u00e7\u00e3o de matr\u00edcula podem ser solicitados pela escola quando houver retorno \u00e0s atividades presenciais.<\/p>\n<p><strong>Processo<\/strong><\/p>\n<p>Para\u00a0renovar a\u00a0matr\u00edcula, pais\/respons\u00e1veis ou o aluno com mais de 18 anos devem acessar o site\u00a0<a href=\"http:\/\/renovacao.educacao.mg.gov.br\/\" target=\"_blank\" rel=\"noopener noreferrer\">renovacao.educacao.mg.gov.br<\/a>\u00a0entre 9 e 30\/10. Ser\u00e1 necess\u00e1rio inserir o n\u00famero da matr\u00edcula no campo destinado ao login, e a data de nascimento com dia, m\u00eas e ano com os quatro d\u00edgitos (sem barras), no espa\u00e7o destinado \u00e0 senha.<\/p>\n<p>Caso o estudante n\u00e3o tenha o n\u00famero da matr\u00edcula, basta clicar na op\u00e7\u00e3o \u201crecuperar n\u00famero de matr\u00edcula do aluno\u201d. Com isso, o sistema solicitar\u00e1 identifica\u00e7\u00e3o da escola onde o aluno est\u00e1 matriculado, seu nome completo, data de nascimento e o nome da m\u00e3e ou do pai.<\/p>\n<p>Ao concluir o procedimento, ser\u00e1 disponibilizado o comprovante de renova\u00e7\u00e3o, que pode ser impresso ou salvo em formato PDF.<\/p>\n<p><strong>Fonte:\u00a0<\/strong>Ag\u00eancia Minas<\/p>\n<\/div>\n<p><\/main><\/p>\n","protected":false},"excerpt":{"rendered":"<p>A renova\u00e7\u00e3o da matr\u00edcula dos estudantes da rede p\u00fablica estadual de Minas que pretendem permanecer na mesma escola estar\u00e1 aberta entre 9 e 30\/10. Neste ano, de acordo com a Resolu\u00e7\u00e3o SEE 4.421, publicada nesta quarta-feira (30\/9),\u00a0na p\u00e1gina 24, do Di\u00e1rio Oficial do Estado, o processo ser\u00e1 feito de forma on-line, sem necessidade de comparecimento\u00a0\u00e0 [&hellip;]<\/p>\n","protected":false},"author":96,"featured_media":170023,"comment_status":"closed","ping_status":"closed","sticky":false,"template":"","format":"standard","meta":{"footnotes":""},"categories":[436,254,439],"tags":[],"class_list":["post-170022","post","type-post","status-publish","format-standard","has-post-thumbnail","hentry","category-destaque-da-semana","category-politica","category-ultima-hora"],"_links":{"self":[{"href":"https:\/\/diarioregionaldigital.com.br\/index.php?rest_route=\/wp\/v2\/posts\/170022","targetHints":{"allow":["GET"]}}],"collection":[{"href":"https:\/\/diarioregionaldigital.com.br\/index.php?rest_route=\/wp\/v2\/posts"}],"about":[{"href":"https:\/\/diarioregionaldigital.com.br\/index.php?rest_route=\/wp\/v2\/types\/post"}],"author":[{"embeddable":true,"href":"https:\/\/diarioregionaldigital.com.br\/index.php?rest_route=\/wp\/v2\/users\/96"}],"replies":[{"embeddable":true,"href":"https:\/\/diarioregionaldigital.com.br\/index.php?rest_route=%2Fwp%2Fv2%2Fcomments&post=170022"}],"version-history":[{"count":0,"href":"https:\/\/diarioregionaldigital.com.br\/index.php?rest_route=\/wp\/v2\/posts\/170022\/revisions"}],"wp:featuredmedia":[{"embeddable":true,"href":"https:\/\/diarioregionaldigital.com.br\/index.php?rest_route=\/wp\/v2\/media\/170023"}],"wp:attachment":[{"href":"https:\/\/diarioregionaldigital.com.br\/index.php?rest_route=%2Fwp%2Fv2%2Fmedia&parent=170022"}],"wp:term":[{"taxonomy":"category","embeddable":true,"href":"https:\/\/diarioregionaldigital.com.br\/index.php?rest_route=%2Fwp%2Fv2%2Fcategories&post=170022"},{"taxonomy":"post_tag","embeddable":true,"href":"https:\/\/diarioregionaldigital.com.br\/index.php?rest_route=%2Fwp%2Fv2%2Ftags&post=170022"}],"curies":[{"name":"wp","href":"https:\/\/api.w.org\/{rel}","templated":true}]}}