{"id":170019,"date":"2020-09-30T13:32:01","date_gmt":"2020-09-30T16:32:01","guid":{"rendered":"https:\/\/diarioregionaldigital.com.br\/?p=170019"},"modified":"2020-09-30T13:32:01","modified_gmt":"2020-09-30T16:32:01","slug":"pm-encontra-armas-de-fogo-em-residencia-na-nova-california","status":"publish","type":"post","link":"https:\/\/diarioregionaldigital.com.br\/?p=170019","title":{"rendered":"PM encontra armas de fogo em resid\u00eancia na Nova Calif\u00f3rnia"},"content":{"rendered":"<p>Na noite de ter\u00e7a-feira (29, um homem de 40 anos, acionou a Pol\u00edcia Militar (PM), ap\u00f3s ser amea\u00e7ado por um indiv\u00edduo armado com espingarda calibre 22, fato ocorrido devido a um desentendimento entre ambos. O caso ocorreu no Bairro Nova Calif\u00f3rnia (Regi\u00e3o Oeste). De posse das informa\u00e7\u00f5es, a guarni\u00e7\u00e3o compareceu \u00e0 resid\u00eancia do autor e o mesmo autorizou a entrada dos policiais. Durante buscas no im\u00f3vel, foi localizado no quarto do autor, uma espingarda calibre 28 carregada com um cartucho deflagrado do mesmo tipo, escondida no interior do guarda roupas. Na gaveta de um outro c\u00f4modo, foi encontrado um simulacro de arma de fogo tipo pistola.<\/p>\n<p>Ainda durante as buscas, foram localizadas mais duas armas de fogo no s\u00f3t\u00e3o da resid\u00eancia, sendo elas um rev\u00f3lver calibre 22, carregado com sete muni\u00e7\u00f5es e no coldre do rev\u00f3lver, haviam oito muni\u00e7\u00f5es intactas do mesmo calibre.<\/p>\n<p>Al\u00e9m disso, foi apreendida tamb\u00e9m uma carabina calibre 22, carregada e municiada, totalizando mais oito muni\u00e7\u00f5es intactas do mesmo calibre e com o certificado de registro em nome do autor vencido.<\/p>\n<p>Diante dos fatos, o suspeito foi preso em flagrante e conduzido para a Delegacia, junto com os materiais apreendidos.<\/p>\n","protected":false},"excerpt":{"rendered":"<p>Na noite de ter\u00e7a-feira (29, um homem de 40 anos, acionou a Pol\u00edcia Militar (PM), ap\u00f3s ser amea\u00e7ado por um indiv\u00edduo armado com espingarda calibre 22, fato ocorrido devido a um desentendimento entre ambos. O caso ocorreu no Bairro Nova Calif\u00f3rnia (Regi\u00e3o Oeste). De posse das informa\u00e7\u00f5es, a guarni\u00e7\u00e3o compareceu \u00e0 resid\u00eancia do autor e [&hellip;]<\/p>\n","protected":false},"author":96,"featured_media":170020,"comment_status":"closed","ping_status":"closed","sticky":false,"template":"","format":"standard","meta":{"footnotes":""},"categories":[301,436,439],"tags":[],"class_list":["post-170019","post","type-post","status-publish","format-standard","has-post-thumbnail","hentry","category-artigos-policiais","category-destaque-da-semana","category-ultima-hora"],"_links":{"self":[{"href":"https:\/\/diarioregionaldigital.com.br\/index.php?rest_route=\/wp\/v2\/posts\/170019","targetHints":{"allow":["GET"]}}],"collection":[{"href":"https:\/\/diarioregionaldigital.com.br\/index.php?rest_route=\/wp\/v2\/posts"}],"about":[{"href":"https:\/\/diarioregionaldigital.com.br\/index.php?rest_route=\/wp\/v2\/types\/post"}],"author":[{"embeddable":true,"href":"https:\/\/diarioregionaldigital.com.br\/index.php?rest_route=\/wp\/v2\/users\/96"}],"replies":[{"embeddable":true,"href":"https:\/\/diarioregionaldigital.com.br\/index.php?rest_route=%2Fwp%2Fv2%2Fcomments&post=170019"}],"version-history":[{"count":0,"href":"https:\/\/diarioregionaldigital.com.br\/index.php?rest_route=\/wp\/v2\/posts\/170019\/revisions"}],"wp:featuredmedia":[{"embeddable":true,"href":"https:\/\/diarioregionaldigital.com.br\/index.php?rest_route=\/wp\/v2\/media\/170020"}],"wp:attachment":[{"href":"https:\/\/diarioregionaldigital.com.br\/index.php?rest_route=%2Fwp%2Fv2%2Fmedia&parent=170019"}],"wp:term":[{"taxonomy":"category","embeddable":true,"href":"https:\/\/diarioregionaldigital.com.br\/index.php?rest_route=%2Fwp%2Fv2%2Fcategories&post=170019"},{"taxonomy":"post_tag","embeddable":true,"href":"https:\/\/diarioregionaldigital.com.br\/index.php?rest_route=%2Fwp%2Fv2%2Ftags&post=170019"}],"curies":[{"name":"wp","href":"https:\/\/api.w.org\/{rel}","templated":true}]}}