{"id":170016,"date":"2020-09-30T13:21:54","date_gmt":"2020-09-30T16:21:54","guid":{"rendered":"https:\/\/diarioregionaldigital.com.br\/?p=170016"},"modified":"2020-09-30T13:21:54","modified_gmt":"2020-09-30T16:21:54","slug":"mulher-e-agredida-durante-assalto-no-teixeiras","status":"publish","type":"post","link":"https:\/\/diarioregionaldigital.com.br\/?p=170016","title":{"rendered":"Mulher \u00e9 agredida durante assalto no Teixeiras"},"content":{"rendered":"<p>Uma mulher de 44 anos, relatou \u00e0 Pol\u00edcia Militar (PM), que na tarde de ter\u00e7a-feira (29), estava em um ponto de \u00f4nibus, localizado na Avenida Deusdedith Salgado, Bairro Teixeiras (Regi\u00e3o Sul), quando foi abordada por um indiv\u00edduo de 21 anos. Ao se aproximar, o autor come\u00e7ou a agredir a v\u00edtima com chutes, vindo ela cair ao solo. Logo em seguida o suspeito pegou o celular e fugiu em dire\u00e7\u00e3o ao Bairro Cascatinha. A PM foi acionada e com posse das caracter\u00edsticas do suspeito, iniciou intenso rastreamento pelo local. Instantes depois, o jovem foi localizado e preso em flagrante.<\/p>\n","protected":false},"excerpt":{"rendered":"<p>Uma mulher de 44 anos, relatou \u00e0 Pol\u00edcia Militar (PM), que na tarde de ter\u00e7a-feira (29), estava em um ponto de \u00f4nibus, localizado na Avenida Deusdedith Salgado, Bairro Teixeiras (Regi\u00e3o Sul), quando foi abordada por um indiv\u00edduo de 21 anos. Ao se aproximar, o autor come\u00e7ou a agredir a v\u00edtima com chutes, vindo ela cair [&hellip;]<\/p>\n","protected":false},"author":96,"featured_media":165308,"comment_status":"closed","ping_status":"closed","sticky":false,"template":"","format":"standard","meta":{"footnotes":""},"categories":[301,436,439],"tags":[],"class_list":["post-170016","post","type-post","status-publish","format-standard","has-post-thumbnail","hentry","category-artigos-policiais","category-destaque-da-semana","category-ultima-hora"],"_links":{"self":[{"href":"https:\/\/diarioregionaldigital.com.br\/index.php?rest_route=\/wp\/v2\/posts\/170016","targetHints":{"allow":["GET"]}}],"collection":[{"href":"https:\/\/diarioregionaldigital.com.br\/index.php?rest_route=\/wp\/v2\/posts"}],"about":[{"href":"https:\/\/diarioregionaldigital.com.br\/index.php?rest_route=\/wp\/v2\/types\/post"}],"author":[{"embeddable":true,"href":"https:\/\/diarioregionaldigital.com.br\/index.php?rest_route=\/wp\/v2\/users\/96"}],"replies":[{"embeddable":true,"href":"https:\/\/diarioregionaldigital.com.br\/index.php?rest_route=%2Fwp%2Fv2%2Fcomments&post=170016"}],"version-history":[{"count":0,"href":"https:\/\/diarioregionaldigital.com.br\/index.php?rest_route=\/wp\/v2\/posts\/170016\/revisions"}],"wp:featuredmedia":[{"embeddable":true,"href":"https:\/\/diarioregionaldigital.com.br\/index.php?rest_route=\/wp\/v2\/media\/165308"}],"wp:attachment":[{"href":"https:\/\/diarioregionaldigital.com.br\/index.php?rest_route=%2Fwp%2Fv2%2Fmedia&parent=170016"}],"wp:term":[{"taxonomy":"category","embeddable":true,"href":"https:\/\/diarioregionaldigital.com.br\/index.php?rest_route=%2Fwp%2Fv2%2Fcategories&post=170016"},{"taxonomy":"post_tag","embeddable":true,"href":"https:\/\/diarioregionaldigital.com.br\/index.php?rest_route=%2Fwp%2Fv2%2Ftags&post=170016"}],"curies":[{"name":"wp","href":"https:\/\/api.w.org\/{rel}","templated":true}]}}