{"id":170013,"date":"2020-09-30T13:16:10","date_gmt":"2020-09-30T16:16:10","guid":{"rendered":"https:\/\/diarioregionaldigital.com.br\/?p=170013"},"modified":"2020-09-30T13:17:05","modified_gmt":"2020-09-30T16:17:05","slug":"pm-apreende-drogas-durante-operacao-no-francisco-bernadino","status":"publish","type":"post","link":"https:\/\/diarioregionaldigital.com.br\/?p=170013","title":{"rendered":"PM apreende drogas durante opera\u00e7\u00e3o no Francisco Bernardino"},"content":{"rendered":"<p>Durante uma opera\u00e7\u00e3o realizada na ter\u00e7a-feira (29) no Bairro Francisco Bernardino (Regi\u00e3o Norte), a Pol\u00edcia Militar (PM) avistou um ve\u00edculo trafegando pela Avenida Presidente Juscelino Kubitscheck, no qual era ocupado por dois indiv\u00edduos, de 20 e 21 anos respectivamente. Ao notarem a presen\u00e7a policial, os autores demonstraram certo nervosismo, o que resultou na abordagem. Ap\u00f3s buscas veiculares, foram encontradas 24 barras de maconha, R$ 220,00 em dinheiro e quatro telefones celulares. Diante dos fatos, os infratores foram presos em flagrante e conduzidos para a Delegacia. Os materiais, bem como o autom\u00f3vel, foram apreendidos.<\/p>\n","protected":false},"excerpt":{"rendered":"<p>Durante uma opera\u00e7\u00e3o realizada na ter\u00e7a-feira (29) no Bairro Francisco Bernardino (Regi\u00e3o Norte), a Pol\u00edcia Militar (PM) avistou um ve\u00edculo trafegando pela Avenida Presidente Juscelino Kubitscheck, no qual era ocupado por dois indiv\u00edduos, de 20 e 21 anos respectivamente. Ao notarem a presen\u00e7a policial, os autores demonstraram certo nervosismo, o que resultou na abordagem. Ap\u00f3s [&hellip;]<\/p>\n","protected":false},"author":96,"featured_media":170014,"comment_status":"closed","ping_status":"closed","sticky":false,"template":"","format":"standard","meta":{"footnotes":""},"categories":[301,436,440,439],"tags":[],"class_list":["post-170013","post","type-post","status-publish","format-standard","has-post-thumbnail","hentry","category-artigos-policiais","category-destaque-da-semana","category-destaques-do-dia","category-ultima-hora"],"_links":{"self":[{"href":"https:\/\/diarioregionaldigital.com.br\/index.php?rest_route=\/wp\/v2\/posts\/170013","targetHints":{"allow":["GET"]}}],"collection":[{"href":"https:\/\/diarioregionaldigital.com.br\/index.php?rest_route=\/wp\/v2\/posts"}],"about":[{"href":"https:\/\/diarioregionaldigital.com.br\/index.php?rest_route=\/wp\/v2\/types\/post"}],"author":[{"embeddable":true,"href":"https:\/\/diarioregionaldigital.com.br\/index.php?rest_route=\/wp\/v2\/users\/96"}],"replies":[{"embeddable":true,"href":"https:\/\/diarioregionaldigital.com.br\/index.php?rest_route=%2Fwp%2Fv2%2Fcomments&post=170013"}],"version-history":[{"count":0,"href":"https:\/\/diarioregionaldigital.com.br\/index.php?rest_route=\/wp\/v2\/posts\/170013\/revisions"}],"wp:featuredmedia":[{"embeddable":true,"href":"https:\/\/diarioregionaldigital.com.br\/index.php?rest_route=\/wp\/v2\/media\/170014"}],"wp:attachment":[{"href":"https:\/\/diarioregionaldigital.com.br\/index.php?rest_route=%2Fwp%2Fv2%2Fmedia&parent=170013"}],"wp:term":[{"taxonomy":"category","embeddable":true,"href":"https:\/\/diarioregionaldigital.com.br\/index.php?rest_route=%2Fwp%2Fv2%2Fcategories&post=170013"},{"taxonomy":"post_tag","embeddable":true,"href":"https:\/\/diarioregionaldigital.com.br\/index.php?rest_route=%2Fwp%2Fv2%2Ftags&post=170013"}],"curies":[{"name":"wp","href":"https:\/\/api.w.org\/{rel}","templated":true}]}}