{"id":170009,"date":"2020-09-30T12:31:52","date_gmt":"2020-09-30T15:31:52","guid":{"rendered":"https:\/\/diarioregionaldigital.com.br\/?p=170009"},"modified":"2020-09-30T12:33:03","modified_gmt":"2020-09-30T15:33:03","slug":"acusado-de-ser-responsavel-por-morte-de-casal-recebe-pena-de-23-anos-de-prisao","status":"publish","type":"post","link":"https:\/\/diarioregionaldigital.com.br\/?p=170009","title":{"rendered":"Acusado de ser respons\u00e1vel por morte de casal recebe pena de 23 anos de pris\u00e3o"},"content":{"rendered":"<p><span style=\"font-weight: 400;\">Ap\u00f3s mais de 17 horas de sess\u00e3o realizada no F\u00f3rum Benjamin Colucci em Juiz de Fora, o jovem Arthur de Castro Paes Brazil, de 22 anos, foi condenado a 23 anos de pris\u00e3o, por ser o respons\u00e1vel pelo assassinato do casal, Lu\u00edsa Lima Machado, 22 anos, e Caio S\u00e9rgio Gomes Marques, 24, ocorrido em julho de 2017. Os jurados decidiram absolver o r\u00e9u pela morte de Lu\u00edsa, entretanto o mesmo responder\u00e1 pelo homic\u00eddio de Caio. <\/span><span style=\"font-weight: 400;\">O julgamento teve in\u00edcio \u00e0s 9h00 de ter\u00e7a-feira (29) e foi encerrada na madrugada desta quarta-feira (30).<\/span><\/p>\n<p><span style=\"font-weight: 400;\">Al\u00e9m disso, o suspeito recebeu pena de 25 anos de reclus\u00e3o pela morte do jovem, entretanto foi reduzida para 23 em regime fechado, pois o mesmo tinha menos de 21 anos de idade naquele per\u00edodo.<\/span><\/p>\n<p><span style=\"font-weight: 400;\">O j\u00fari determinou tamb\u00e9m que Arthur ir\u00e1 pagar metade das custas processuais, bem como o tratamento psicol\u00f3gico de familiares de Caio, no valor de R$20.385. O r\u00e9u teve seu pedido de liberdade negado.<\/span><\/p>\n<p><span style=\"font-weight: 400;\">De acordo com o Minist\u00e9rio P\u00fablico de Minas Gerais (MPMG), os envolvidos no crime teriam dificultado qualquer possibilidade de defesa das v\u00edtimas \u201cagirem de forma dissimulada e lev\u00e1-las ao local do crime e por terem sido surpreendidas pelos disparos que as atingiram na cabe\u00e7a\u201d. O \u00f3rg\u00e3o interpreta que Arthur, mandante do assassinato, agiu por motivo torpe. \u201cEmbora a v\u00edtima tivesse envolvimento com o tr\u00e1fico, seu comportamento n\u00e3o influenciou para que o r\u00e9u agisse daquela forma\u201d.<\/span><\/p>\n<p><span style=\"font-weight: 400;\">A princ\u00edpio, o julgamento autor do crime seria realizado em novembro do \u00faltimo ano, por\u00e9m segundo seu advogado, ele estaria internado numa cl\u00ednica psiqui\u00e1trica. Na \u00e9poca, o juiz Paulo Trist\u00e3o, determinou que o r\u00e9u fosse submetido ao teste de insanidade mental.<\/span><\/p>\n<p><span style=\"font-weight: 400;\">No mesmo per\u00edodo, Higor Paulo da Silva, suspeito de efetuar os disparos contra o casal, foi condenado \u00e0 36 anos de pris\u00e3o em regime fechado. O juiz negou direito de liberdade ao autor do crime.\u00a0<\/span><\/p>\n<p><b>Relembre o caso<\/b><\/p>\n<p><span style=\"font-weight: 400;\">Caio S\u00e9rgio Gomes Marques e Lu\u00edsa Lima Machado foram encontrados mortos dentro de uma caminhonete, no Bairro Previdenci\u00e1rios (Regi\u00e3o Sul). Segundo informa\u00e7\u00f5es da Pol\u00edcia Civil de Minas Gerais (PCMG), o motivo do crime seria uma d\u00edvida do mandante do crime e tamb\u00e9m uma forma de acabar com a concorr\u00eancia.<\/span><\/p>\n<p><span style=\"font-weight: 400;\">A per\u00edcia constatou que as v\u00edtimas foram alvejadas na cabe\u00e7a e que o atirador estaria dentro dele. Durante a remo\u00e7\u00e3o dos corpos, foram encontrados tamb\u00e9m duas c\u00e1psulas de pistola calibre 45, sendo que uma delas estava no banco e a outra no assoalho do carona. A per\u00edcia encontrou ainda um bon\u00e9 vermelho.<\/span><\/p>\n<p><span style=\"font-weight: 400;\">De acordo com o inqu\u00e9rito policial, as v\u00edtimas foram atra\u00eddas para ao local do crime, numa emboscada planejada pelo pr\u00f3prio mandante, que queria comprar cerca de 200g de maxixe. No local o casal foi surpreendido pelos disparos.<\/span><\/p>\n","protected":false},"excerpt":{"rendered":"<p>Ap\u00f3s mais de 17 horas de sess\u00e3o realizada no F\u00f3rum Benjamin Colucci em Juiz de Fora, o jovem Arthur de Castro Paes Brazil, de 22 anos, foi condenado a 23 anos de pris\u00e3o, por ser o respons\u00e1vel pelo assassinato do casal, Lu\u00edsa Lima Machado, 22 anos, e Caio S\u00e9rgio Gomes Marques, 24, ocorrido em julho [&hellip;]<\/p>\n","protected":false},"author":96,"featured_media":170010,"comment_status":"closed","ping_status":"closed","sticky":false,"template":"","format":"standard","meta":{"footnotes":""},"categories":[253,436,440,439],"tags":[],"class_list":["post-170009","post","type-post","status-publish","format-standard","has-post-thumbnail","hentry","category-cidade","category-destaque-da-semana","category-destaques-do-dia","category-ultima-hora"],"_links":{"self":[{"href":"https:\/\/diarioregionaldigital.com.br\/index.php?rest_route=\/wp\/v2\/posts\/170009","targetHints":{"allow":["GET"]}}],"collection":[{"href":"https:\/\/diarioregionaldigital.com.br\/index.php?rest_route=\/wp\/v2\/posts"}],"about":[{"href":"https:\/\/diarioregionaldigital.com.br\/index.php?rest_route=\/wp\/v2\/types\/post"}],"author":[{"embeddable":true,"href":"https:\/\/diarioregionaldigital.com.br\/index.php?rest_route=\/wp\/v2\/users\/96"}],"replies":[{"embeddable":true,"href":"https:\/\/diarioregionaldigital.com.br\/index.php?rest_route=%2Fwp%2Fv2%2Fcomments&post=170009"}],"version-history":[{"count":0,"href":"https:\/\/diarioregionaldigital.com.br\/index.php?rest_route=\/wp\/v2\/posts\/170009\/revisions"}],"wp:featuredmedia":[{"embeddable":true,"href":"https:\/\/diarioregionaldigital.com.br\/index.php?rest_route=\/wp\/v2\/media\/170010"}],"wp:attachment":[{"href":"https:\/\/diarioregionaldigital.com.br\/index.php?rest_route=%2Fwp%2Fv2%2Fmedia&parent=170009"}],"wp:term":[{"taxonomy":"category","embeddable":true,"href":"https:\/\/diarioregionaldigital.com.br\/index.php?rest_route=%2Fwp%2Fv2%2Fcategories&post=170009"},{"taxonomy":"post_tag","embeddable":true,"href":"https:\/\/diarioregionaldigital.com.br\/index.php?rest_route=%2Fwp%2Fv2%2Ftags&post=170009"}],"curies":[{"name":"wp","href":"https:\/\/api.w.org\/{rel}","templated":true}]}}