{"id":170000,"date":"2020-09-30T10:57:25","date_gmt":"2020-09-30T13:57:25","guid":{"rendered":"https:\/\/diarioregionaldigital.com.br\/?p=170000"},"modified":"2020-09-30T10:57:25","modified_gmt":"2020-09-30T13:57:25","slug":"desemprego-chega-a-138-no-trimestre-encerrado-em-julho-maior-taxa-desde-2012","status":"publish","type":"post","link":"https:\/\/diarioregionaldigital.com.br\/?p=170000","title":{"rendered":"Desemprego chega a 13,8% no trimestre encerrado em julho, maior taxa desde 2012"},"content":{"rendered":"<p><span style=\"font-weight: 400;\">A taxa de desocupa\u00e7\u00e3o no Brasil foi de 13,8%, no trimestre de maio a julho de 2020, a maior taxa da s\u00e9rie hist\u00f3rica, iniciada em 2012. O \u00edndice corresponde a um aumento de 1,2 ponto percentual em rela\u00e7\u00e3o ao trimestre anterior (fevereiro a abril, de 12,6%). J\u00e1 em compara\u00e7\u00e3o com o mesmo trimestre de 2019 (11,8%) s\u00e3o 2 pontos percentuais a mais. A popula\u00e7\u00e3o desocupada chegou a 13,1 milh\u00f5es de pessoas, aumento de 4,5% (561 mil pessoas) em rela\u00e7\u00e3o ao mesmo per\u00edodo de 2019.<\/span><\/p>\n<p><span style=\"font-weight: 400;\">A popula\u00e7\u00e3o ocupada recuou para 82 milh\u00f5es, o menor contingente da s\u00e9rie. Essa popula\u00e7\u00e3o caiu 8,1% (menos 7,2 milh\u00f5es pessoas) em rela\u00e7\u00e3o ao trimestre anterior, e 12,3% (menos 11,6 milh\u00f5es) frente ao per\u00edodo de maio a julho de 2019. O n\u00edvel de ocupa\u00e7\u00e3o tamb\u00e9m foi o mais baixo da s\u00e9rie, atingindo 47,1%, caindo 4,5 pontos frente ao trimestre anterior e 7,6 pontos contra o mesmo trimestre de 2019.<\/span><\/p>\n<p><span style=\"font-weight: 400;\">Os dados s\u00e3o da Pesquisa Nacional por Amostra de Domic\u00edlios Cont\u00ednua (PNAD Cont\u00ednua), divulgada hoje (30) pelo IBGE. A analista da pesquisa, Adriana Beringuy, explica que as quedas no per\u00edodo da pandemia de Covid-19 foram determinantes para os recordes negativos deste trimestre encerrado em julho. \u201cOs resultados das \u00faltimas cinco divulga\u00e7\u00f5es mostram uma retra\u00e7\u00e3o muito grande na popula\u00e7\u00e3o ocupada. \u00c9 um ac\u00famulo de perdas que leva a esses patamares negativos\u201d.<\/span><\/p>\n<p><span style=\"font-weight: 400;\">Outro indicador que est\u00e1 no menor patamar na s\u00e9rie hist\u00f3rica \u00e9 a for\u00e7a de trabalho (pessoas ocupadas e desocupadas), que chegou a 95,2 milh\u00f5es de pessoas, com queda de 6,8% (ou 6,9 milh\u00f5es) frente ao trimestre anterior, e de 10,4% (ou 11 milh\u00f5es de pessoas) em rela\u00e7\u00e3o ao mesmo trimestre de 2019.<\/span><\/p>\n<p><span style=\"font-weight: 400;\">J\u00e1 a popula\u00e7\u00e3o fora da for\u00e7a de trabalho atingiu o recorde da s\u00e9rie e chegou a 79 milh\u00f5es de pessoas &#8211; mais 8 milh\u00f5es em rela\u00e7\u00e3o ao trimestre anterior e mais 14,1 milh\u00f5es frente ao mesmo trimestre de 2019. Entretanto, o aumento foi menor do que no trimestre encerrado em junho, quando o ganho foi de 10 milh\u00f5es de pessoas. \u201cA popula\u00e7\u00e3o fora da for\u00e7a aumentou muito, mas em julho, aumentou menos. Isso pode indicar um certo retorno das pessoas ao trabalho. Os movimentos ainda s\u00e3o discretos no comparativo com todo o per\u00edodo, mas \u00e9 um indicativo\u201d, acrescenta Beringuy.<\/span><\/p>\n<p><b>Desalento atinge recorde de 5,8 milh\u00f5es de pessoas<\/b><\/p>\n<p><span style=\"font-weight: 400;\">O contingente de pessoas desalentadas \u2013 que n\u00e3o buscaram trabalho, mas que gostariam de conseguir uma vaga e estavam dispon\u00edveis para trabalhar \u2013 tamb\u00e9m atingiu recorde e agora soma 5,8 milh\u00f5es. O desalento segue aumentando, mas cresceu menos do que no trimestre anterior: 913 mil pessoas entraram no desalento no trimestre m\u00f3vel terminado em junho, contra 771 mil no trimestre terminado em julho.<\/span><\/p>\n<p><span style=\"font-weight: 400;\">Para Beringuy, a pandemia dificultou a busca por ocupa\u00e7\u00e3o e, com uma flexibiliza\u00e7\u00e3o cada vez maior da quarentena, a tend\u00eancia \u00e9 que as pessoas voltem a buscar trabalho. \u201cAl\u00e9m de tirar o trabalho, a pandemia tamb\u00e9m impossibilitou sua procura, ou por conta das medidas restritivas, ou porque as atividades econ\u00f4micas estavam suspensas ou, ainda, por quest\u00f5es de sa\u00fade pessoal\u201d, afirma.<\/span><\/p>\n<p><b>Com\u00e9rcio, Alojamento e alimenta\u00e7\u00e3o e Ind\u00fastria t\u00eam redu\u00e7\u00e3o da ocupa\u00e7\u00e3o em julho<\/b><\/p>\n<p><span style=\"font-weight: 400;\">Na compara\u00e7\u00e3o com o trimestre terminado em abril, a popula\u00e7\u00e3o ocupada diminuiu em oito dos 10 grupamentos de atividades analisados pela PNAD Cont\u00ednua e ficou est\u00e1vel em dois. A ocupa\u00e7\u00e3o em Alojamento e alimenta\u00e7\u00e3o caiu 23,2%, com menos 1,1 milh\u00e3o de pessoas empregadas. Tamb\u00e9m houve queda na Ind\u00fastria (- 8%), o que representou cerca de 916 mil pessoas a menos.<\/span><\/p>\n<p><span style=\"font-weight: 400;\">Constru\u00e7\u00e3o (queda de 9,5%, ou menos 559 mil pessoas) e Com\u00e9rcio (9,7%, ou menos 1,6 milh\u00e3o de pessoas) apresentaram quedas menores do que em junho, quando registraram redu\u00e7\u00f5es de 16,6% e 10,9%, respectivamente. \u201cEssa queda menor pode indicar um retorno de trabalhadores nesses setores, que foram beneficiados com a flexibiliza\u00e7\u00e3o da quarentena. Por exemplo, algumas obras interrompidas j\u00e1 voltaram e o com\u00e9rcio informal tamb\u00e9m\u201d, explica a analista.<\/span><\/p>\n<p><b>Informalidade diminui e trabalho dom\u00e9stico chega ao menor n\u00edvel da s\u00e9rie<\/b><\/p>\n<p><span style=\"font-weight: 400;\">A taxa de informalidade chegou a 37,4% da popula\u00e7\u00e3o ocupada (o equivalente a 30,7 milh\u00f5es de trabalhadores informais). No trimestre anterior, a taxa fora de 38,8% e, no mesmo trimestre de 2019, de 41,3%.<\/span><\/p>\n<p><span style=\"font-weight: 400;\">Tamb\u00e9m atingindo o menor patamar da s\u00e9rie hist\u00f3rica da PNAD Cont\u00ednua, o n\u00famero de trabalhadores dom\u00e9sticos chegou a 4,6 milh\u00f5es de pessoas, queda de 16,8% (ou 931 mil pessoas) frente ao trimestre anterior, e de 26,9% (ou 1,7 milh\u00e3o de pessoas) frente ao mesmo trimestre de 2019. \u201cA trajet\u00f3ria ainda \u00e9 de queda\u201d, explica a especialista, \u201cmas a redu\u00e7\u00e3o \u00e9 menor do que a do trimestre encerrado em junho, quando foi de 21% frente ao trimestre anterior\u201d, finaliza Beringuy.<\/span><\/p>\n<p><strong>Fonte:<\/strong> Ag\u00eancia IBGE<\/p>\n","protected":false},"excerpt":{"rendered":"<p>A taxa de desocupa\u00e7\u00e3o no Brasil foi de 13,8%, no trimestre de maio a julho de 2020, a maior taxa da s\u00e9rie hist\u00f3rica, iniciada em 2012. O \u00edndice corresponde a um aumento de 1,2 ponto percentual em rela\u00e7\u00e3o ao trimestre anterior (fevereiro a abril, de 12,6%). J\u00e1 em compara\u00e7\u00e3o com o mesmo trimestre de 2019 [&hellip;]<\/p>\n","protected":false},"author":96,"featured_media":170001,"comment_status":"closed","ping_status":"closed","sticky":false,"template":"","format":"standard","meta":{"footnotes":""},"categories":[436,261,439],"tags":[],"class_list":["post-170000","post","type-post","status-publish","format-standard","has-post-thumbnail","hentry","category-destaque-da-semana","category-economia","category-ultima-hora"],"_links":{"self":[{"href":"https:\/\/diarioregionaldigital.com.br\/index.php?rest_route=\/wp\/v2\/posts\/170000","targetHints":{"allow":["GET"]}}],"collection":[{"href":"https:\/\/diarioregionaldigital.com.br\/index.php?rest_route=\/wp\/v2\/posts"}],"about":[{"href":"https:\/\/diarioregionaldigital.com.br\/index.php?rest_route=\/wp\/v2\/types\/post"}],"author":[{"embeddable":true,"href":"https:\/\/diarioregionaldigital.com.br\/index.php?rest_route=\/wp\/v2\/users\/96"}],"replies":[{"embeddable":true,"href":"https:\/\/diarioregionaldigital.com.br\/index.php?rest_route=%2Fwp%2Fv2%2Fcomments&post=170000"}],"version-history":[{"count":0,"href":"https:\/\/diarioregionaldigital.com.br\/index.php?rest_route=\/wp\/v2\/posts\/170000\/revisions"}],"wp:featuredmedia":[{"embeddable":true,"href":"https:\/\/diarioregionaldigital.com.br\/index.php?rest_route=\/wp\/v2\/media\/170001"}],"wp:attachment":[{"href":"https:\/\/diarioregionaldigital.com.br\/index.php?rest_route=%2Fwp%2Fv2%2Fmedia&parent=170000"}],"wp:term":[{"taxonomy":"category","embeddable":true,"href":"https:\/\/diarioregionaldigital.com.br\/index.php?rest_route=%2Fwp%2Fv2%2Fcategories&post=170000"},{"taxonomy":"post_tag","embeddable":true,"href":"https:\/\/diarioregionaldigital.com.br\/index.php?rest_route=%2Fwp%2Fv2%2Ftags&post=170000"}],"curies":[{"name":"wp","href":"https:\/\/api.w.org\/{rel}","templated":true}]}}