{"id":169997,"date":"2020-09-30T10:51:25","date_gmt":"2020-09-30T13:51:25","guid":{"rendered":"https:\/\/diarioregionaldigital.com.br\/?p=169997"},"modified":"2020-09-30T10:51:25","modified_gmt":"2020-09-30T13:51:25","slug":"camara-aprova-mp-que-destina-r-4489-bilhoes-para-combate-a-covid-19","status":"publish","type":"post","link":"https:\/\/diarioregionaldigital.com.br\/?p=169997","title":{"rendered":"C\u00e2mara aprova MP que destina R$ 4,489 bilh\u00f5es para combate \u00e0 covid-19"},"content":{"rendered":"<p><span style=\"font-weight: 400;\">A C\u00e2mara dos Deputados aprovou na ter\u00e7a-feira (29) a Medida Provis\u00f3ria (MP) 976\/20 que destina R$ 4,489 bilh\u00f5es ao Minist\u00e9rio da Sa\u00fade para a\u00e7\u00f5es de combate \u00e0 pandemia de covid-19.<\/span><\/p>\n<p><span style=\"font-weight: 400;\">A mat\u00e9ria segue para o Senado e precisa ser votada at\u00e9 quinta-feira (1\u00ba) para n\u00e3o perder a validade. O texto foi aprovado sem mudan\u00e7as na proposta original, editada pelo governo em junho.<\/span><\/p>\n<p><span style=\"font-weight: 400;\">Do total dos recursos, R$ 4,469 bilh\u00f5es ser\u00e3o destinados \u00e0 a\u00e7\u00f5es de aten\u00e7\u00e3o especializada \u00e0 sa\u00fade. Outros R$ 20 milh\u00f5es ser\u00e3o destinados ao Sistema \u00danico de Sa\u00fade (SUS) para contratos de gest\u00e3o com organiza\u00e7\u00f5es sociais.<\/span><\/p>\n<p><span style=\"font-weight: 400;\">Ao editar a MP, o governo argumentou que havia necessidade de novos leitos e de instala\u00e7\u00f5es com capacidade de assegurar suporte respirat\u00f3rio. \u201cSendo indispens\u00e1vel preparar a rede de aten\u00e7\u00e3o prim\u00e1ria para a expans\u00e3o da demanda, de modo a conter a transmissibilidade do v\u00edrus ao evitar a ida de pessoas com sintomas leves aos servi\u00e7os de urg\u00eancia ou hospitais, bem como identificar precocemente casos graves\u201d, afirma a justificativa da MP.<\/span><\/p>\n<p><b>Equipamentos e testes<\/b><\/p>\n<p><span style=\"font-weight: 400;\">De acordo com o texto da MP enviada pelo governo, o cr\u00e9dito extraordin\u00e1rio permitir\u00e1 que o Hospital Nossa Senhora da Concei\u00e7\u00e3o, localizado em Porto Alegre (RS), compre equipamentos de prote\u00e7\u00e3o individual (m\u00e1scaras, aventais, luvas, protetores faciais), testes e exames da covid-19 e alugue equipamentos (respiradores e monitores), com o total de R$ 23 milh\u00f5es de recursos.<\/span><\/p>\n<p><span style=\"font-weight: 400;\">O texto da medida prev\u00ea que a maior parte dos recursos, alocados no Fundo Nacional de Sa\u00fade (FNS), ser\u00e3o usados para servi\u00e7os de sa\u00fade a cargo de estados e munic\u00edpios, para o pagamento de bolsas ou bonifica\u00e7\u00e3o aos estudantes universit\u00e1rios da \u00e1rea da sa\u00fade e m\u00e9dicos residentes; e tamb\u00e9m para a amplia\u00e7\u00e3o da conectividade \u00e0 internet de unidades de aten\u00e7\u00e3o prim\u00e1ria.<\/span><\/p>\n<p><strong>Fonte:<\/strong> Ag\u00eancia C\u00e2mara<\/p>\n","protected":false},"excerpt":{"rendered":"<p>A C\u00e2mara dos Deputados aprovou na ter\u00e7a-feira (29) a Medida Provis\u00f3ria (MP) 976\/20 que destina R$ 4,489 bilh\u00f5es ao Minist\u00e9rio da Sa\u00fade para a\u00e7\u00f5es de combate \u00e0 pandemia de covid-19. A mat\u00e9ria segue para o Senado e precisa ser votada at\u00e9 quinta-feira (1\u00ba) para n\u00e3o perder a validade. O texto foi aprovado sem mudan\u00e7as na [&hellip;]<\/p>\n","protected":false},"author":96,"featured_media":169998,"comment_status":"closed","ping_status":"closed","sticky":false,"template":"","format":"standard","meta":{"footnotes":""},"categories":[436,440,254,439],"tags":[],"class_list":["post-169997","post","type-post","status-publish","format-standard","has-post-thumbnail","hentry","category-destaque-da-semana","category-destaques-do-dia","category-politica","category-ultima-hora"],"_links":{"self":[{"href":"https:\/\/diarioregionaldigital.com.br\/index.php?rest_route=\/wp\/v2\/posts\/169997","targetHints":{"allow":["GET"]}}],"collection":[{"href":"https:\/\/diarioregionaldigital.com.br\/index.php?rest_route=\/wp\/v2\/posts"}],"about":[{"href":"https:\/\/diarioregionaldigital.com.br\/index.php?rest_route=\/wp\/v2\/types\/post"}],"author":[{"embeddable":true,"href":"https:\/\/diarioregionaldigital.com.br\/index.php?rest_route=\/wp\/v2\/users\/96"}],"replies":[{"embeddable":true,"href":"https:\/\/diarioregionaldigital.com.br\/index.php?rest_route=%2Fwp%2Fv2%2Fcomments&post=169997"}],"version-history":[{"count":0,"href":"https:\/\/diarioregionaldigital.com.br\/index.php?rest_route=\/wp\/v2\/posts\/169997\/revisions"}],"wp:featuredmedia":[{"embeddable":true,"href":"https:\/\/diarioregionaldigital.com.br\/index.php?rest_route=\/wp\/v2\/media\/169998"}],"wp:attachment":[{"href":"https:\/\/diarioregionaldigital.com.br\/index.php?rest_route=%2Fwp%2Fv2%2Fmedia&parent=169997"}],"wp:term":[{"taxonomy":"category","embeddable":true,"href":"https:\/\/diarioregionaldigital.com.br\/index.php?rest_route=%2Fwp%2Fv2%2Fcategories&post=169997"},{"taxonomy":"post_tag","embeddable":true,"href":"https:\/\/diarioregionaldigital.com.br\/index.php?rest_route=%2Fwp%2Fv2%2Ftags&post=169997"}],"curies":[{"name":"wp","href":"https:\/\/api.w.org\/{rel}","templated":true}]}}