{"id":169994,"date":"2020-09-30T10:41:17","date_gmt":"2020-09-30T13:41:17","guid":{"rendered":"https:\/\/diarioregionaldigital.com.br\/?p=169994"},"modified":"2020-09-30T10:41:17","modified_gmt":"2020-09-30T13:41:17","slug":"interrupcoes-e-insultos-marcam-primeiro-debate-entre-trump-e-biden","status":"publish","type":"post","link":"https:\/\/diarioregionaldigital.com.br\/?p=169994","title":{"rendered":"Interrup\u00e7\u00f5es e insultos marcam primeiro debate entre Trump e Biden"},"content":{"rendered":"<p><span style=\"font-weight: 400;\">O presidente dos Estados Unidos, Donald Trump, e o candidato democrata Joe Biden travaram uma dura batalha sobre o hist\u00f3rico de Trump na pandemia do novo coronav\u00edrus, na \u00e1rea de sa\u00fade e na economia em um primeiro debate ca\u00f3tico e tenso para as elei\u00e7\u00f5es presidenciais norte-americanas. O encontro foi marcado por insultos e constantes interrup\u00e7\u00f5es de Trump contra seu advers\u00e1rio.<\/span><\/p>\n<p><span style=\"font-weight: 400;\">Trump agiu de forma truculenta nos 90 minutos de debate, buscando provocar Biden a cada vez que o rival falava, alegando que os democratas querem roubar a elei\u00e7\u00e3o presidencial de novembro pr\u00f3ximo com vota\u00e7\u00e3o pelo correio e se recusando a condenar supremacistas brancos quando lhe pediram que o fizesse.<\/span><\/p>\n<p><span style=\"font-weight: 400;\">O moderador Chris Wallace, da Fox News, nunca conseguiu estabelecer controle do debate, com Trump repetidamente ignorando seus pedidos para permitir que Biden falasse. Os dois pretendentes \u00e0 Casa Branca falaram um em cima do outro e dispararam insultos em um duelo que tornou dif\u00edcil para qualquer um deles expor um tema.<\/span><\/p>\n<p><span style=\"font-weight: 400;\">Em determinado momento, um exasperado Biden disse ap\u00f3s as repetidas interrup\u00e7\u00f5es de Trump: &#8220;Voc\u00ea vai calar a boca, cara? Isso \u00e9 t\u00e3o n\u00e3o presidencial&#8221;.<\/span><\/p>\n<p><span style=\"font-weight: 400;\">Wallace tentou em v\u00e3o conter Trump, que ignorou seus limites de tempo e falou por cima de Biden.<\/span><\/p>\n<p><span style=\"font-weight: 400;\">&#8220;Acho que o pa\u00eds seria melhor servido se permit\u00edssemos que os dois falassem com menos interrup\u00e7\u00f5es. Estou fazendo um apelo, senhor, para que fa\u00e7a isso&#8221;, disse Wallace.<\/span><\/p>\n<p><b>Voto antecipado<\/b><\/p>\n<p><span style=\"font-weight: 400;\">At\u00e9 a noite de ter\u00e7a-feira (29), mais de 1,3 milh\u00e3o de norte-americanos j\u00e1 haviam votado antecipadamente. Como o tempo para mudar opini\u00f5es ou influenciar a pequena parcela de eleitores indecisos est\u00e1 se esgotando, as apostas eram enormes quando os dois candidatos \u00e0 Casa Branca subiram ao palco a cinco semanas da elei\u00e7\u00e3o de 3 de novembro.<\/span><\/p>\n<p><span style=\"font-weight: 400;\">Para Trump, de 74 anos, o debate representou uma de suas \u00faltimas chances de alterar a trajet\u00f3ria de uma corrida que a maioria das pesquisas de opini\u00e3o revela o presidente perdendo, j\u00e1 que a maioria da popula\u00e7\u00e3o desaprova a maneira como ele trata tanto a pandemia quanto os protestos contra a injusti\u00e7a racial.<\/span><\/p>\n<p><span style=\"font-weight: 400;\">Biden, de 77 anos, vem mantendo uma vantagem constante sobre Trump em pesquisas nacionais de opini\u00e3o, mas sondagens nos estados-chaves, que decidir\u00e3o a elei\u00e7\u00e3o, mostram uma disputa muito mais acirrada. \u00c9 dif\u00edcil determinar se o debate far\u00e1 alguma diferen\u00e7a.<\/span><\/p>\n<p><span style=\"font-weight: 400;\">Trump tentou v\u00e1rias vezes, e sem sucesso, confundir Biden e lev\u00e1-lo a cometer uma gafe, mas praticamente n\u00e3o apresentou nenhum argumento para dizer por que \u00e9 o melhor candidato para cuidar de quest\u00f5es fundamentais para a elei\u00e7\u00e3o.<\/span><\/p>\n<p><span style=\"font-weight: 400;\">O presidente tem mais debates com Biden agendados para outubro. O vice-presidente, Mike Pence, e a companheira de chapa de Biden, Kamala Harris, debater\u00e3o na semana que vem.<\/span><\/p>\n<p><strong>Fonte:<\/strong> Ag\u00eancia Brasil<\/p>\n","protected":false},"excerpt":{"rendered":"<p>O presidente dos Estados Unidos, Donald Trump, e o candidato democrata Joe Biden travaram uma dura batalha sobre o hist\u00f3rico de Trump na pandemia do novo coronav\u00edrus, na \u00e1rea de sa\u00fade e na economia em um primeiro debate ca\u00f3tico e tenso para as elei\u00e7\u00f5es presidenciais norte-americanas. O encontro foi marcado por insultos e constantes interrup\u00e7\u00f5es [&hellip;]<\/p>\n","protected":false},"author":96,"featured_media":169995,"comment_status":"closed","ping_status":"closed","sticky":false,"template":"","format":"standard","meta":{"footnotes":""},"categories":[302,436,439],"tags":[],"class_list":["post-169994","post","type-post","status-publish","format-standard","has-post-thumbnail","hentry","category-brasil-mundo","category-destaque-da-semana","category-ultima-hora"],"_links":{"self":[{"href":"https:\/\/diarioregionaldigital.com.br\/index.php?rest_route=\/wp\/v2\/posts\/169994","targetHints":{"allow":["GET"]}}],"collection":[{"href":"https:\/\/diarioregionaldigital.com.br\/index.php?rest_route=\/wp\/v2\/posts"}],"about":[{"href":"https:\/\/diarioregionaldigital.com.br\/index.php?rest_route=\/wp\/v2\/types\/post"}],"author":[{"embeddable":true,"href":"https:\/\/diarioregionaldigital.com.br\/index.php?rest_route=\/wp\/v2\/users\/96"}],"replies":[{"embeddable":true,"href":"https:\/\/diarioregionaldigital.com.br\/index.php?rest_route=%2Fwp%2Fv2%2Fcomments&post=169994"}],"version-history":[{"count":0,"href":"https:\/\/diarioregionaldigital.com.br\/index.php?rest_route=\/wp\/v2\/posts\/169994\/revisions"}],"wp:featuredmedia":[{"embeddable":true,"href":"https:\/\/diarioregionaldigital.com.br\/index.php?rest_route=\/wp\/v2\/media\/169995"}],"wp:attachment":[{"href":"https:\/\/diarioregionaldigital.com.br\/index.php?rest_route=%2Fwp%2Fv2%2Fmedia&parent=169994"}],"wp:term":[{"taxonomy":"category","embeddable":true,"href":"https:\/\/diarioregionaldigital.com.br\/index.php?rest_route=%2Fwp%2Fv2%2Fcategories&post=169994"},{"taxonomy":"post_tag","embeddable":true,"href":"https:\/\/diarioregionaldigital.com.br\/index.php?rest_route=%2Fwp%2Fv2%2Ftags&post=169994"}],"curies":[{"name":"wp","href":"https:\/\/api.w.org\/{rel}","templated":true}]}}