{"id":169992,"date":"2020-09-30T10:32:18","date_gmt":"2020-09-30T13:32:18","guid":{"rendered":"https:\/\/diarioregionaldigital.com.br\/?p=169992"},"modified":"2020-09-30T10:32:18","modified_gmt":"2020-09-30T13:32:18","slug":"covid-19-boletim-da-ses-mg-registra-mais-101-mortes","status":"publish","type":"post","link":"https:\/\/diarioregionaldigital.com.br\/?p=169992","title":{"rendered":"Covid-19: boletim da SES-MG registra mais 101 mortes"},"content":{"rendered":"<p>O novo\u00a0<a href=\"https:\/\/saude.mg.gov.br\/images\/Boletim-Epidemiologico_COVID-19_MG_30.09.2020.pdf\">boletim epidemiol\u00f3gico<\/a> divulgado nesta quarta-feira (30) pela Secretaria de Estado da Sa\u00fade de Minas Gerais (SES-MG), informa que nas \u00faltimas 24h, o estado obteve aumento de mais 101 mortes decorrentes do Coronav\u00edrus, totalizando 7.360 \u00f3bitos. Os dados indicam que 4.191 v\u00edtimas s\u00e3o do sexo masculino e 3.169 s\u00e3o do feminino. Conforme o levantamento, foram registrados mais 2.878 novos casos, acumulando 295.169 pessoas infectadas. Al\u00e9m disso, 260.674 pacientes est\u00e3o recuperados da doen\u00e7a, representando 88,3% dos casos e 27.135 fazem acompanhamento m\u00e9dico.<\/p>\n<p>Conforme a SES-MG, foram feitos 142.014 testes laboratoriais, sendo que 36.974 deram positivo, 100.975 deram negativo e 1.207 est\u00e3o sob an\u00e1lise. Quanto aos dados de hospitaliza\u00e7\u00e3o, 29.296 pacientes infectados est\u00e3o internados em hospitais e 265.873 fazem isolamento social.<\/p>\n","protected":false},"excerpt":{"rendered":"<p>O novo\u00a0boletim epidemiol\u00f3gico divulgado nesta quarta-feira (30) pela Secretaria de Estado da Sa\u00fade de Minas Gerais (SES-MG), informa que nas \u00faltimas 24h, o estado obteve aumento de mais 101 mortes decorrentes do Coronav\u00edrus, totalizando 7.360 \u00f3bitos. Os dados indicam que 4.191 v\u00edtimas s\u00e3o do sexo masculino e 3.169 s\u00e3o do feminino. Conforme o levantamento, foram [&hellip;]<\/p>\n","protected":false},"author":96,"featured_media":157620,"comment_status":"closed","ping_status":"closed","sticky":false,"template":"","format":"standard","meta":{"footnotes":""},"categories":[436,440,252,439],"tags":[],"class_list":["post-169992","post","type-post","status-publish","format-standard","has-post-thumbnail","hentry","category-destaque-da-semana","category-destaques-do-dia","category-regiao","category-ultima-hora"],"_links":{"self":[{"href":"https:\/\/diarioregionaldigital.com.br\/index.php?rest_route=\/wp\/v2\/posts\/169992","targetHints":{"allow":["GET"]}}],"collection":[{"href":"https:\/\/diarioregionaldigital.com.br\/index.php?rest_route=\/wp\/v2\/posts"}],"about":[{"href":"https:\/\/diarioregionaldigital.com.br\/index.php?rest_route=\/wp\/v2\/types\/post"}],"author":[{"embeddable":true,"href":"https:\/\/diarioregionaldigital.com.br\/index.php?rest_route=\/wp\/v2\/users\/96"}],"replies":[{"embeddable":true,"href":"https:\/\/diarioregionaldigital.com.br\/index.php?rest_route=%2Fwp%2Fv2%2Fcomments&post=169992"}],"version-history":[{"count":0,"href":"https:\/\/diarioregionaldigital.com.br\/index.php?rest_route=\/wp\/v2\/posts\/169992\/revisions"}],"wp:featuredmedia":[{"embeddable":true,"href":"https:\/\/diarioregionaldigital.com.br\/index.php?rest_route=\/wp\/v2\/media\/157620"}],"wp:attachment":[{"href":"https:\/\/diarioregionaldigital.com.br\/index.php?rest_route=%2Fwp%2Fv2%2Fmedia&parent=169992"}],"wp:term":[{"taxonomy":"category","embeddable":true,"href":"https:\/\/diarioregionaldigital.com.br\/index.php?rest_route=%2Fwp%2Fv2%2Fcategories&post=169992"},{"taxonomy":"post_tag","embeddable":true,"href":"https:\/\/diarioregionaldigital.com.br\/index.php?rest_route=%2Fwp%2Fv2%2Ftags&post=169992"}],"curies":[{"name":"wp","href":"https:\/\/api.w.org\/{rel}","templated":true}]}}