{"id":169977,"date":"2020-09-30T06:00:25","date_gmt":"2020-09-30T09:00:25","guid":{"rendered":"https:\/\/diarioregionaldigital.com.br\/?p=169977"},"modified":"2020-09-30T01:09:34","modified_gmt":"2020-09-30T04:09:34","slug":"169977","status":"publish","type":"post","link":"https:\/\/diarioregionaldigital.com.br\/?p=169977","title":{"rendered":"Inclus\u00e3o Social"},"content":{"rendered":"<p style=\"text-align: center;\"><strong>Cultural<\/strong><\/p>\n<p style=\"text-align: center;\">Na primeira etapa do Projeto Hist\u00f3rias e Mem\u00f3rias 15 anos do MAMM estar\u00e3o falando direto do Instagram e no YouTube do Museu os not\u00e1veis: Jos\u00e9 Alberto Pinho Neves, J\u00falio Castan\u00f5n, Leila Barbosa, Marisa Timponi, Neysa Campos e Nic\u00e9a Nogueira.<\/p>\n<p style=\"text-align: center;\"><strong>Gastronomia<\/strong><\/p>\n<p style=\"text-align: center;\">Em Cabo Frio a sensa\u00e7\u00e3o \u00e9 o Festival de Sabores com a participa\u00e7\u00e3o de cozinheiros de Juiz de Fora, at\u00e9 4 de outubro. Fazendo sucesso os deliciosos sandu\u00edches Sea Burguer de Cristina Miana e a filha Lara.<\/p>\n<p style=\"text-align: center;\"><strong>Inclus\u00e3o Social<\/strong><\/p>\n<p style=\"text-align: center;\">Mobiliza\u00e7\u00e3o total nas redes sociais quando a ArcelorMittal assinou a ades\u00e3o \u00e0 Rede Empresarial de Inclus\u00e3o Social. O evento virtual teve a participa\u00e7\u00e3o do presidente Benjamin Baptista Filho e do CEO da Arcelor Mittal A\u00e7os Longos Latam e Minera\u00e7\u00e3o Brasil, Jefferson de Paula.<\/p>\n<p style=\"text-align: center;\"><span style=\"font-size: 14pt;\"><strong>Ela Merece<\/strong><\/span><\/p>\n<p style=\"text-align: center;\">Dona de um talento arrebatador a jornalista Daniela Arbex mostra toda sua sensibilidade em seu novo livro \u201cOs dois mundos de Isabel\u201d. Lan\u00e7ado pela editora Intr\u00ednseca conta a hist\u00f3ria do dona Isabel Salom\u00e3o de Campos, mineira descendente de libaneses, que desde pequena dizia ouvir a ver coisas e benzia pessoas.<\/p>\n<div id=\"attachment_169953\" style=\"width: 690px\" class=\"wp-caption aligncenter\"><img loading=\"lazy\" decoding=\"async\" aria-describedby=\"caption-attachment-169953\" class=\"wp-image-169953\" src=\"https:\/\/diarioregionaldigital.com.br\/wp-content\/uploads\/2020\/09\/fotoaa-3-e1601438309795.jpg\" alt=\"\" width=\"680\" height=\"490\" srcset=\"https:\/\/diarioregionaldigital.com.br\/wp-content\/uploads\/2020\/09\/fotoaa-3-e1601438309795.jpg 952w, https:\/\/diarioregionaldigital.com.br\/wp-content\/uploads\/2020\/09\/fotoaa-3-e1601438309795-300x216.jpg 300w, https:\/\/diarioregionaldigital.com.br\/wp-content\/uploads\/2020\/09\/fotoaa-3-e1601438309795-768x553.jpg 768w, https:\/\/diarioregionaldigital.com.br\/wp-content\/uploads\/2020\/09\/fotoaa-3-e1601438309795-360x259.jpg 360w\" sizes=\"auto, (max-width: 680px) 100vw, 680px\" \/><p id=\"caption-attachment-169953\" class=\"wp-caption-text\">Eduardo Gomes entrega para Vagner Tolendato o Trof\u00e9u Di\u00e1rio Regional\/RCWT como o Rep\u00f3rter 2020, nos Melhores do Ano<\/p><\/div>\n<div id=\"attachment_169952\" style=\"width: 690px\" class=\"wp-caption aligncenter\"><img loading=\"lazy\" decoding=\"async\" aria-describedby=\"caption-attachment-169952\" class=\"wp-image-169952\" src=\"https:\/\/diarioregionaldigital.com.br\/wp-content\/uploads\/2020\/09\/fotoa-16-e1601438245131.jpg\" alt=\"\" width=\"680\" height=\"525\" srcset=\"https:\/\/diarioregionaldigital.com.br\/wp-content\/uploads\/2020\/09\/fotoa-16-e1601438245131.jpg 717w, https:\/\/diarioregionaldigital.com.br\/wp-content\/uploads\/2020\/09\/fotoa-16-e1601438245131-300x232.jpg 300w, https:\/\/diarioregionaldigital.com.br\/wp-content\/uploads\/2020\/09\/fotoa-16-e1601438245131-360x278.jpg 360w\" sizes=\"auto, (max-width: 680px) 100vw, 680px\" \/><p id=\"caption-attachment-169952\" class=\"wp-caption-text\">Na Florestinha Lara Navarro comemorando os 100 anos da linda D\u00aa. Carolina Assis Repetto<\/p><\/div>\n<div id=\"attachment_169954\" style=\"width: 690px\" class=\"wp-caption aligncenter\"><img loading=\"lazy\" decoding=\"async\" aria-describedby=\"caption-attachment-169954\" class=\"wp-image-169954\" src=\"https:\/\/diarioregionaldigital.com.br\/wp-content\/uploads\/2020\/09\/fotob-9-e1601438360256.jpg\" alt=\"\" width=\"680\" height=\"508\" srcset=\"https:\/\/diarioregionaldigital.com.br\/wp-content\/uploads\/2020\/09\/fotob-9-e1601438360256.jpg 1510w, https:\/\/diarioregionaldigital.com.br\/wp-content\/uploads\/2020\/09\/fotob-9-e1601438360256-300x224.jpg 300w, https:\/\/diarioregionaldigital.com.br\/wp-content\/uploads\/2020\/09\/fotob-9-e1601438360256-1024x765.jpg 1024w, https:\/\/diarioregionaldigital.com.br\/wp-content\/uploads\/2020\/09\/fotob-9-e1601438360256-768x574.jpg 768w, https:\/\/diarioregionaldigital.com.br\/wp-content\/uploads\/2020\/09\/fotob-9-e1601438360256-360x269.jpg 360w\" sizes=\"auto, (max-width: 680px) 100vw, 680px\" \/><p id=\"caption-attachment-169954\" class=\"wp-caption-text\">A elegante Maria Lucia Saraiva, absoluta em seu ap\u00ea na Av. Atl\u00e2ntica (Rio)<\/p><\/div>\n<div id=\"attachment_169955\" style=\"width: 690px\" class=\"wp-caption aligncenter\"><img loading=\"lazy\" decoding=\"async\" aria-describedby=\"caption-attachment-169955\" class=\"wp-image-169955\" src=\"https:\/\/diarioregionaldigital.com.br\/wp-content\/uploads\/2020\/09\/fotoc-7-e1601438391147.jpeg\" alt=\"\" width=\"680\" height=\"507\" srcset=\"https:\/\/diarioregionaldigital.com.br\/wp-content\/uploads\/2020\/09\/fotoc-7-e1601438391147.jpeg 720w, https:\/\/diarioregionaldigital.com.br\/wp-content\/uploads\/2020\/09\/fotoc-7-e1601438391147-300x224.jpeg 300w, https:\/\/diarioregionaldigital.com.br\/wp-content\/uploads\/2020\/09\/fotoc-7-e1601438391147-360x269.jpeg 360w\" sizes=\"auto, (max-width: 680px) 100vw, 680px\" \/><p id=\"caption-attachment-169955\" class=\"wp-caption-text\">O modelo 2020 Ramon Wagner veste camiseta ver\u00e3o para M.Marques<\/p><\/div>\n<div id=\"attachment_169956\" style=\"width: 690px\" class=\"wp-caption aligncenter\"><img loading=\"lazy\" decoding=\"async\" aria-describedby=\"caption-attachment-169956\" class=\"wp-image-169956\" src=\"https:\/\/diarioregionaldigital.com.br\/wp-content\/uploads\/2020\/09\/fotod-16-e1601438437617.jpg\" alt=\"\" width=\"680\" height=\"465\" srcset=\"https:\/\/diarioregionaldigital.com.br\/wp-content\/uploads\/2020\/09\/fotod-16-e1601438437617.jpg 1879w, https:\/\/diarioregionaldigital.com.br\/wp-content\/uploads\/2020\/09\/fotod-16-e1601438437617-300x205.jpg 300w, https:\/\/diarioregionaldigital.com.br\/wp-content\/uploads\/2020\/09\/fotod-16-e1601438437617-1024x700.jpg 1024w, https:\/\/diarioregionaldigital.com.br\/wp-content\/uploads\/2020\/09\/fotod-16-e1601438437617-768x525.jpg 768w, https:\/\/diarioregionaldigital.com.br\/wp-content\/uploads\/2020\/09\/fotod-16-e1601438437617-1536x1050.jpg 1536w, https:\/\/diarioregionaldigital.com.br\/wp-content\/uploads\/2020\/09\/fotod-16-e1601438437617-360x246.jpg 360w\" sizes=\"auto, (max-width: 680px) 100vw, 680px\" \/><p id=\"caption-attachment-169956\" class=\"wp-caption-text\">Festejando anivers\u00e1rio no Lact\u00e1rio S\u00e3o Jos\u00e9 Dr. Jorge Luiz Destro de Macedo junto a mulher Dr\u00aa Maria Helena Dias de Macedo<\/p><\/div>\n<div id=\"attachment_169957\" style=\"width: 690px\" class=\"wp-caption aligncenter\"><img loading=\"lazy\" decoding=\"async\" aria-describedby=\"caption-attachment-169957\" class=\"wp-image-169957\" src=\"https:\/\/diarioregionaldigital.com.br\/wp-content\/uploads\/2020\/09\/fotoe-19-e1601438480299.jpg\" alt=\"\" width=\"680\" height=\"441\" srcset=\"https:\/\/diarioregionaldigital.com.br\/wp-content\/uploads\/2020\/09\/fotoe-19-e1601438480299.jpg 800w, https:\/\/diarioregionaldigital.com.br\/wp-content\/uploads\/2020\/09\/fotoe-19-e1601438480299-300x195.jpg 300w, https:\/\/diarioregionaldigital.com.br\/wp-content\/uploads\/2020\/09\/fotoe-19-e1601438480299-768x498.jpg 768w, https:\/\/diarioregionaldigital.com.br\/wp-content\/uploads\/2020\/09\/fotoe-19-e1601438480299-360x234.jpg 360w\" sizes=\"auto, (max-width: 680px) 100vw, 680px\" \/><p id=\"caption-attachment-169957\" class=\"wp-caption-text\">A linda estrelinha Sofia chegou para alegria dos pais Isis Toledo Camacho e Rafael Camacho<\/p><\/div>\n<div id=\"attachment_169958\" style=\"width: 690px\" class=\"wp-caption aligncenter\"><img loading=\"lazy\" decoding=\"async\" aria-describedby=\"caption-attachment-169958\" class=\"wp-image-169958\" src=\"https:\/\/diarioregionaldigital.com.br\/wp-content\/uploads\/2020\/09\/fotof-16-e1601438511483.jpg\" alt=\"\" width=\"680\" height=\"522\" srcset=\"https:\/\/diarioregionaldigital.com.br\/wp-content\/uploads\/2020\/09\/fotof-16-e1601438511483.jpg 1515w, https:\/\/diarioregionaldigital.com.br\/wp-content\/uploads\/2020\/09\/fotof-16-e1601438511483-300x230.jpg 300w, https:\/\/diarioregionaldigital.com.br\/wp-content\/uploads\/2020\/09\/fotof-16-e1601438511483-1024x785.jpg 1024w, https:\/\/diarioregionaldigital.com.br\/wp-content\/uploads\/2020\/09\/fotof-16-e1601438511483-768x589.jpg 768w, https:\/\/diarioregionaldigital.com.br\/wp-content\/uploads\/2020\/09\/fotof-16-e1601438511483-360x276.jpg 360w\" sizes=\"auto, (max-width: 680px) 100vw, 680px\" \/><p id=\"caption-attachment-169958\" class=\"wp-caption-text\">O din\u00e2mico Theodorico Tavares festejando 98 anos com a bonita neta Fabiana Faria<\/p><\/div>\n<div id=\"attachment_169959\" style=\"width: 690px\" class=\"wp-caption aligncenter\"><img loading=\"lazy\" decoding=\"async\" aria-describedby=\"caption-attachment-169959\" class=\"wp-image-169959\" src=\"https:\/\/diarioregionaldigital.com.br\/wp-content\/uploads\/2020\/09\/fotog-19-e1601438551852.jpg\" alt=\"\" width=\"680\" height=\"488\" srcset=\"https:\/\/diarioregionaldigital.com.br\/wp-content\/uploads\/2020\/09\/fotog-19-e1601438551852.jpg 848w, https:\/\/diarioregionaldigital.com.br\/wp-content\/uploads\/2020\/09\/fotog-19-e1601438551852-300x215.jpg 300w, https:\/\/diarioregionaldigital.com.br\/wp-content\/uploads\/2020\/09\/fotog-19-e1601438551852-768x551.jpg 768w, https:\/\/diarioregionaldigital.com.br\/wp-content\/uploads\/2020\/09\/fotog-19-e1601438551852-360x258.jpg 360w\" sizes=\"auto, (max-width: 680px) 100vw, 680px\" \/><p id=\"caption-attachment-169959\" class=\"wp-caption-text\">O vereador Marlon Siqueira comemorando o feliz anivers\u00e1rio de sua m\u00e3e Marisa Siqueira<\/p><\/div>\n<div id=\"attachment_169960\" style=\"width: 690px\" class=\"wp-caption aligncenter\"><img loading=\"lazy\" decoding=\"async\" aria-describedby=\"caption-attachment-169960\" class=\"wp-image-169960\" src=\"https:\/\/diarioregionaldigital.com.br\/wp-content\/uploads\/2020\/09\/fotoh-18-e1601438584112.jpg\" alt=\"\" width=\"680\" height=\"555\" srcset=\"https:\/\/diarioregionaldigital.com.br\/wp-content\/uploads\/2020\/09\/fotoh-18-e1601438584112.jpg 1076w, https:\/\/diarioregionaldigital.com.br\/wp-content\/uploads\/2020\/09\/fotoh-18-e1601438584112-300x245.jpg 300w, https:\/\/diarioregionaldigital.com.br\/wp-content\/uploads\/2020\/09\/fotoh-18-e1601438584112-1024x836.jpg 1024w, https:\/\/diarioregionaldigital.com.br\/wp-content\/uploads\/2020\/09\/fotoh-18-e1601438584112-768x627.jpg 768w, https:\/\/diarioregionaldigital.com.br\/wp-content\/uploads\/2020\/09\/fotoh-18-e1601438584112-220x180.jpg 220w, https:\/\/diarioregionaldigital.com.br\/wp-content\/uploads\/2020\/09\/fotoh-18-e1601438584112-360x294.jpg 360w\" sizes=\"auto, (max-width: 680px) 100vw, 680px\" \/><p id=\"caption-attachment-169960\" class=\"wp-caption-text\">Felizes curtindo Petr\u00f3polis (RJ), Monique Meirelles e Nelson Mafilli<\/p><\/div>\n<p style=\"text-align: center;\"><strong>FOTOSS\u00cdNTESE<\/strong><\/p>\n<p>Festejando muitos anos de feliz uni\u00e3o o querido casal Lygia Cardoso e Alvaro Luiz Aldini. Parab\u00e9ns.<\/p>\n<p>As empres\u00e1rias Daniella e Ana Paula Gervason da loja Bonjour est\u00e3o produzindo lindos pijamas para eles e para elas em puro cetim e algod\u00e3o. Encomendas pelos fones: 98849-2001 e 99977-1165.<\/p>\n<p>Abra\u00e7os carinhosos para: Marcos Reink, Carla Abreu Costa, Margareth Marinho, Jussara Gomes, Guilherme Kneipp, Luis Oscar Martins, Dad\u00e1 Rocha e Wally.<\/p>\n<p>Para alegrar a gurizada, o Projeto Brothers do Bem lan\u00e7ou uma bela campanha de arrecada\u00e7\u00e3o de brinquedos para o Dia das Crian\u00e7as. Contato com a enfermeira Nina Halfeld pelo fone: 98855-9369.<\/p>\n<p>Foi um sucesso a participa\u00e7\u00e3o dos atletas do Clube Bom Pastor na 3\u00aa Copa Brasil Virtual de nata\u00e7\u00e3o. A coordena\u00e7\u00e3o foi do t\u00e9cnico F\u00e1bio Antunes.<\/p>\n<p>O ex-deputado Marcus Pestana \u00e9 o respons\u00e1vel pela coordena\u00e7\u00e3o do projeto \u201cO Brasil p\u00f3s-pandemia\u201d. O projeto tem previs\u00e3o a ser finalizado at\u00e9 o fim do ano.<\/p>\n<p>Em cena \u201cTodos juntos pelo IMEPP\u201d, ser\u00e1 realizado de forma diferente o Almo\u00e7o Solid\u00e1rio do IMEPP, no dia 04 de outubro de 11 \u00e0s 14hs. Haver\u00e1 live com Trio Uch\u00f4as, Miana &amp; Bertrand, no YouTube. O tempero do amor com almo\u00e7o deliciosos ser\u00e1 delivery e os ingressos no valor de R$ 20 reais podem ser adquiridos na rua Maria Perp\u00e9tua, n\u00ba258, Bairro Ladeira. Apoio deste colunista.<\/p>\n<p>Cartaz: \u201cBons sentimentos, se concentrados, podem emular formas humanas\u201d. Bom dia.<\/p>\n<p><img loading=\"lazy\" decoding=\"async\" class=\"aligncenter size-full wp-image-169975\" src=\"https:\/\/diarioregionaldigital.com.br\/wp-content\/uploads\/2020\/09\/anuncio57-1-scaled.jpg\" alt=\"\" width=\"2560\" height=\"994\" srcset=\"https:\/\/diarioregionaldigital.com.br\/wp-content\/uploads\/2020\/09\/anuncio57-1-scaled.jpg 2560w, https:\/\/diarioregionaldigital.com.br\/wp-content\/uploads\/2020\/09\/anuncio57-1-300x116.jpg 300w, https:\/\/diarioregionaldigital.com.br\/wp-content\/uploads\/2020\/09\/anuncio57-1-1024x398.jpg 1024w, https:\/\/diarioregionaldigital.com.br\/wp-content\/uploads\/2020\/09\/anuncio57-1-768x298.jpg 768w, https:\/\/diarioregionaldigital.com.br\/wp-content\/uploads\/2020\/09\/anuncio57-1-1536x596.jpg 1536w, https:\/\/diarioregionaldigital.com.br\/wp-content\/uploads\/2020\/09\/anuncio57-1-2048x795.jpg 2048w, https:\/\/diarioregionaldigital.com.br\/wp-content\/uploads\/2020\/09\/anuncio57-1-360x140.jpg 360w\" sizes=\"auto, (max-width: 2560px) 100vw, 2560px\" \/><\/p>\n<p>&nbsp;<\/p>\n","protected":false},"excerpt":{"rendered":"<p>Cultural Na primeira etapa do Projeto Hist\u00f3rias e Mem\u00f3rias 15 anos do MAMM estar\u00e3o falando direto do Instagram e no YouTube do Museu os not\u00e1veis: Jos\u00e9 Alberto Pinho Neves, J\u00falio Castan\u00f5n, Leila Barbosa, Marisa Timponi, Neysa Campos e Nic\u00e9a Nogueira. Gastronomia Em Cabo Frio a sensa\u00e7\u00e3o \u00e9 o Festival de Sabores com a participa\u00e7\u00e3o de [&hellip;]<\/p>\n","protected":false},"author":96,"featured_media":169953,"comment_status":"closed","ping_status":"closed","sticky":false,"template":"","format":"standard","meta":{"footnotes":""},"categories":[264],"tags":[],"class_list":["post-169977","post","type-post","status-publish","format-standard","has-post-thumbnail","hentry","category-eduardo-gomes"],"_links":{"self":[{"href":"https:\/\/diarioregionaldigital.com.br\/index.php?rest_route=\/wp\/v2\/posts\/169977","targetHints":{"allow":["GET"]}}],"collection":[{"href":"https:\/\/diarioregionaldigital.com.br\/index.php?rest_route=\/wp\/v2\/posts"}],"about":[{"href":"https:\/\/diarioregionaldigital.com.br\/index.php?rest_route=\/wp\/v2\/types\/post"}],"author":[{"embeddable":true,"href":"https:\/\/diarioregionaldigital.com.br\/index.php?rest_route=\/wp\/v2\/users\/96"}],"replies":[{"embeddable":true,"href":"https:\/\/diarioregionaldigital.com.br\/index.php?rest_route=%2Fwp%2Fv2%2Fcomments&post=169977"}],"version-history":[{"count":0,"href":"https:\/\/diarioregionaldigital.com.br\/index.php?rest_route=\/wp\/v2\/posts\/169977\/revisions"}],"wp:featuredmedia":[{"embeddable":true,"href":"https:\/\/diarioregionaldigital.com.br\/index.php?rest_route=\/wp\/v2\/media\/169953"}],"wp:attachment":[{"href":"https:\/\/diarioregionaldigital.com.br\/index.php?rest_route=%2Fwp%2Fv2%2Fmedia&parent=169977"}],"wp:term":[{"taxonomy":"category","embeddable":true,"href":"https:\/\/diarioregionaldigital.com.br\/index.php?rest_route=%2Fwp%2Fv2%2Fcategories&post=169977"},{"taxonomy":"post_tag","embeddable":true,"href":"https:\/\/diarioregionaldigital.com.br\/index.php?rest_route=%2Fwp%2Fv2%2Ftags&post=169977"}],"curies":[{"name":"wp","href":"https:\/\/api.w.org\/{rel}","templated":true}]}}