{"id":169964,"date":"2020-09-29T20:37:13","date_gmt":"2020-09-29T23:37:13","guid":{"rendered":"https:\/\/diarioregionaldigital.com.br\/?p=169964"},"modified":"2020-09-29T20:37:13","modified_gmt":"2020-09-29T23:37:13","slug":"covid-19-brasil-registra-863-obitos-e-32-058-novos-casos-em-24h","status":"publish","type":"post","link":"https:\/\/diarioregionaldigital.com.br\/?p=169964","title":{"rendered":"Covid-19: Brasil registra 863 \u00f3bitos e 32.058 novos casos em 24h"},"content":{"rendered":"<p>O boletim di\u00e1rio do Minist\u00e9rio da Sa\u00fade, divulgado nesta ter\u00e7a-feira (29), revela que\u00a0o Brasil registrou 4.777.522 casos confirmados do novo coronav\u00edrus desde o in\u00edcio da pandemia.<img decoding=\"async\" src=\"https:\/\/agenciabrasil.ebc.com.br\/ebc.png?id=1389274&amp;o=node\" \/><img decoding=\"async\" src=\"https:\/\/agenciabrasil.ebc.com.br\/ebc.gif?id=1389274&amp;o=node\" \/><\/p>\n<p>Desse total, 2,9% dos casos resultaram em morte (142.921); 10,5% dos pacientes est\u00e3o em tratamento (499.513); e 86,6% dos brasileiros que contra\u00edram covid-19 est\u00e3o recuperados (4.134.088).<\/p>\n<p>Nas \u00faltimas 24 horas, foram registrados 863 \u00f3bitos e 32.058 novos casos confirmados. Os casos s\u00e3o menores aos domingos e segundas-feiras pelas limita\u00e7\u00f5es de alimenta\u00e7\u00e3o da base de dados pelas equipes das secretarias de sa\u00fade. J\u00e1 \u00e0s\u00a0ter\u00e7as-feiras, o n\u00famero tem sido maior pelo envio dos dados acumulados do fim de semana.<\/p>\n<p>As autoridades de sa\u00fade ainda investigam se\u00a0outras 2.501\u00a0mortes foram provocadas por coronav\u00edrus.<\/p>\n<p><strong>SP\u00a0tem melhor\u00a0<span id=\"OBJ_PREFIX_DWT323_com_zimbra_date\" role=\"link\"><span id=\"OBJ_PREFIX_DWT331_com_zimbra_date\" role=\"link\">ter<\/span><\/span>\u00e7a-feira desde maio<\/strong><\/p>\n<p>Nas \u00faltimas 24 horas, o estado de S\u00e3o Paulo contabilizou 266 mortes e 6.377 casos do novo coronav\u00edrus. Com isso, o estado soma, at\u00e9 este momento, 35.391 mortes e 979.519 casos confirmados, desde o in\u00edcio da pandemia.<\/p>\n<p>\u00c0s\u00a0<span id=\"OBJ_PREFIX_DWT332_com_zimbra_date\" role=\"link\">ter<\/span>\u00e7as-feiras, por causa de um represamento de dados que ocorre nos finais de semana, o balan\u00e7o de casos e de mortes costuma ser sempre maior, batendo at\u00e9 recordes. Mas\u00a0<span id=\"OBJ_PREFIX_DWT324_com_zimbra_date\" role=\"link\"><span id=\"OBJ_PREFIX_DWT333_com_zimbra_date\" role=\"link\">hoje<\/span><\/span>\u00a0(29) o balan\u00e7o de mortes foi o menor j\u00e1 registrado para uma\u00a0<span id=\"OBJ_PREFIX_DWT334_com_zimbra_date\" role=\"link\">ter<\/span>\u00e7a-feira desde o dia\u00a0<span id=\"OBJ_PREFIX_DWT325_com_zimbra_date\" role=\"link\"><span id=\"OBJ_PREFIX_DWT335_com_zimbra_date\" role=\"link\">26 de maio<\/span><\/span>, quando foram registradas 203 mortes. Isso s\u00f3 foi interrompido no dia\u00a0<span id=\"OBJ_PREFIX_DWT326_com_zimbra_date\" role=\"link\"><span id=\"OBJ_PREFIX_DWT336_com_zimbra_date\" role=\"link\">8 de setembro<\/span><\/span>, que se seguiu ao feriado prolongado de\u00a0<span id=\"OBJ_PREFIX_DWT327_com_zimbra_date\" role=\"link\"><span id=\"OBJ_PREFIX_DWT337_com_zimbra_date\" role=\"link\">7 de setembro<\/span><\/span>, quando o registro foi\u00a0de 53 mortes. Mas o balan\u00e7o do\u00a0dia\u00a0<span id=\"OBJ_PREFIX_DWT328_com_zimbra_date\" role=\"link\"><span id=\"OBJ_PREFIX_DWT338_com_zimbra_date\" role=\"link\">8 de setembro<\/span><\/span>\u00a0pode\u00a0<span id=\"OBJ_PREFIX_DWT329_com_zimbra_date\" role=\"link\"><span id=\"OBJ_PREFIX_DWT339_com_zimbra_date\" role=\"link\">ter<\/span><\/span>\u00a0sido prejudicado com o represamento de dados ocorrido por causa do feriado.\u00a0O dia que o estado de S\u00e3o Paulo mais registrou\u00a0mortes\u00a0em um \u00fanico dia aconteceu em\u00a0<span id=\"OBJ_PREFIX_DWT5000_com_zimbra_date\"><span id=\"OBJ_PREFIX_DWT5006_com_zimbra_date\"><span id=\"OBJ_PREFIX_DWT330_com_zimbra_date\" role=\"link\"><span id=\"OBJ_PREFIX_DWT340_com_zimbra_date\" role=\"link\">13 de agosto<\/span><\/span><\/span><\/span>, quando foram notificados 455 \u00f3bitos.<\/p>\n<p>Do total de casos diagnosticados, 847.418 pessoas est\u00e3o recuperadas, sendo 107.415 ap\u00f3s interna\u00e7\u00e3o.<\/p>\n<p>H\u00e1 9.076 pacientes internados em casos suspeitos ou confirmados do novo coronav\u00edrus, sendo que 3.954 deles est\u00e3o em estado grave.\u00a0A taxa de ocupa\u00e7\u00e3o de leitos de unidades de terapia intensiva (UTI) \u00e9 de 44,4% em todo o estado e de 42,9% na Grande S\u00e3o Paulo.<\/p>\n<p><strong>Onde h\u00e1 mais casos de covid-19 no Brasil<\/strong><\/p>\n<p><em>*Casos acumulados desde o in\u00edcio da pandemia<\/em><\/p>\n<p>S\u00e3o Paulo = 979.519<\/p>\n<p>Bahia = 308.252<\/p>\n<p>Minas Gerais = 292.291<\/p>\n<p>Rio de Janeiro =\u00a0263.699<\/p>\n<p>Cear\u00e1 = 239.497<\/p>\n<p><strong>Onde h\u00e1 mais mortes por covid-19 no Brasil\u00a0<\/strong><\/p>\n<p>S\u00e3o Paulo = 35.391<\/p>\n<p>Rio de Janeiro = 18.388<\/p>\n<p>Cear\u00e1 = 8.950<\/p>\n<p>Pernambuco = 8.222<\/p>\n<p>Minas Gerais = 7.259<\/p>\n<p><strong>Fonte:\u00a0<\/strong>Ag\u00eancia Brasil<\/p>\n","protected":false},"excerpt":{"rendered":"<p>O boletim di\u00e1rio do Minist\u00e9rio da Sa\u00fade, divulgado nesta ter\u00e7a-feira (29), revela que\u00a0o Brasil registrou 4.777.522 casos confirmados do novo coronav\u00edrus desde o in\u00edcio da pandemia. Desse total, 2,9% dos casos resultaram em morte (142.921); 10,5% dos pacientes est\u00e3o em tratamento (499.513); e 86,6% dos brasileiros que contra\u00edram covid-19 est\u00e3o recuperados (4.134.088). Nas \u00faltimas 24 [&hellip;]<\/p>\n","protected":false},"author":96,"featured_media":169965,"comment_status":"closed","ping_status":"closed","sticky":false,"template":"","format":"standard","meta":{"footnotes":""},"categories":[302,436,440,439],"tags":[],"class_list":["post-169964","post","type-post","status-publish","format-standard","has-post-thumbnail","hentry","category-brasil-mundo","category-destaque-da-semana","category-destaques-do-dia","category-ultima-hora"],"_links":{"self":[{"href":"https:\/\/diarioregionaldigital.com.br\/index.php?rest_route=\/wp\/v2\/posts\/169964","targetHints":{"allow":["GET"]}}],"collection":[{"href":"https:\/\/diarioregionaldigital.com.br\/index.php?rest_route=\/wp\/v2\/posts"}],"about":[{"href":"https:\/\/diarioregionaldigital.com.br\/index.php?rest_route=\/wp\/v2\/types\/post"}],"author":[{"embeddable":true,"href":"https:\/\/diarioregionaldigital.com.br\/index.php?rest_route=\/wp\/v2\/users\/96"}],"replies":[{"embeddable":true,"href":"https:\/\/diarioregionaldigital.com.br\/index.php?rest_route=%2Fwp%2Fv2%2Fcomments&post=169964"}],"version-history":[{"count":0,"href":"https:\/\/diarioregionaldigital.com.br\/index.php?rest_route=\/wp\/v2\/posts\/169964\/revisions"}],"wp:featuredmedia":[{"embeddable":true,"href":"https:\/\/diarioregionaldigital.com.br\/index.php?rest_route=\/wp\/v2\/media\/169965"}],"wp:attachment":[{"href":"https:\/\/diarioregionaldigital.com.br\/index.php?rest_route=%2Fwp%2Fv2%2Fmedia&parent=169964"}],"wp:term":[{"taxonomy":"category","embeddable":true,"href":"https:\/\/diarioregionaldigital.com.br\/index.php?rest_route=%2Fwp%2Fv2%2Fcategories&post=169964"},{"taxonomy":"post_tag","embeddable":true,"href":"https:\/\/diarioregionaldigital.com.br\/index.php?rest_route=%2Fwp%2Fv2%2Ftags&post=169964"}],"curies":[{"name":"wp","href":"https:\/\/api.w.org\/{rel}","templated":true}]}}