{"id":169961,"date":"2020-09-29T18:41:16","date_gmt":"2020-09-29T21:41:16","guid":{"rendered":"https:\/\/diarioregionaldigital.com.br\/?p=169961"},"modified":"2020-09-29T18:41:16","modified_gmt":"2020-09-29T21:41:16","slug":"juiz-de-fora-ultrapassa-a-marca-de-6-mil-casos-confirmados-por-covid-19","status":"publish","type":"post","link":"https:\/\/diarioregionaldigital.com.br\/?p=169961","title":{"rendered":"Juiz de Fora ultrapassa a marca de 6 mil casos confirmados por Covid-19"},"content":{"rendered":"<p><span style=\"font-weight: 400;\">O novo boletim epidemiol\u00f3gico divulgado nesta ter\u00e7a-feira (29) pela Secretaria de Sa\u00fade (SS) da Prefeitura de Juiz de Fora (PJF), confirma que o munic\u00edpio ultrapassou a marca de 6 mil pessoas infectadas por Covid-19. Conforme os dados, nas \u00faltimas 24h, foram registrados mais 31 novos casos, totalizando 6.001.<\/span><\/p>\n<p><span style=\"font-weight: 400;\">Segundo o levantamento, houve aumento de\u00a0 mais cinco mortes, contabilizando 218 e 21.847 pacientes s\u00e3o suspeitos de terem a doen\u00e7a. Al\u00e9m disso, o Departamento de Vigil\u00e2ncia Epidemiol\u00f3gica e Ambiental (Dvea) informa que dentre os casos confirmados, 3.161 s\u00e3o mulheres e 2.840 homens.<\/span><\/p>\n<p><b>\u00d3bitos<\/b><\/p>\n<p><span style=\"font-weight: 400;\">Homem, de 40 anos, morreu nessa segunda-feira, 28. Comorbidades: Doen\u00e7a Cardiovascular Cr\u00f4nica (DCC) e Hipertens\u00e3o Arterial Sist\u00eamica (HAS);<\/span><\/p>\n<p><span style=\"font-weight: 400;\">Idoso, de 61 anos, morreu nesta ter\u00e7a-feira, 29. Comorbidades: Doen\u00e7a Cardiovascular Cr\u00f4nica (DCC) e Diabetes Mellitus (DM);<\/span><\/p>\n<p><span style=\"font-weight: 400;\">Idoso, de 71 anos, morreu no dia 24 de setembro. Sem comorbidades relatadas;<\/span><\/p>\n<p><span style=\"font-weight: 400;\">Idoso, de 73 anos, morreu nessa segunda-feira, 28. Comorbidades: Doen\u00e7a Cardiovascular Cr\u00f4nica (DCC) e Hipertens\u00e3o Arterial Sist\u00eamica (HAS);<\/span><\/p>\n<p><span style=\"font-weight: 400;\">Homem, de 57 anos, morreu nesta ter\u00e7a-feira, 29. Comorbidade: Hipertens\u00e3o Arterial Sist\u00eamica (HAS).<\/span><\/p>\n<p><b>N\u00fameros de casos<\/b><\/p>\n<p><span style=\"font-weight: 400;\">&#8211; At\u00e9 um ano: 20 casos (0,33%)<\/span><\/p>\n<p><span style=\"font-weight: 400;\">&#8211; Um a nove anos: 96 (1,59%)<\/span><\/p>\n<p><span style=\"font-weight: 400;\">&#8211; Dez a 19: 151 (2,51%)<\/span><\/p>\n<p><span style=\"font-weight: 400;\">&#8211; 20 a 29: 1.045 (17,41%)<\/span><\/p>\n<p><span style=\"font-weight: 400;\">&#8211; 30 a 39: 1.473 (24,54%)<\/span><\/p>\n<p><span style=\"font-weight: 400;\">&#8211; 40 a 49: 1.135 (18,91%)<\/span><\/p>\n<p><span style=\"font-weight: 400;\">&#8211; 50 a 59: 959 (15,98%)<\/span><\/p>\n<p><span style=\"font-weight: 400;\">&#8211; 60 ou mais: 1.122 (18,69%)<\/span><\/p>\n<p><b>Leitos\u00a0<\/b><\/p>\n<p><span style=\"font-weight: 400;\">Segundo informa\u00e7\u00f5es da PJF, os leitos de enfermaria est\u00e3o com 60,55% de ocupa\u00e7\u00e3o. J\u00e1 os os leitos de UTI e SUS, est\u00e3o com taxa de 70,33% e 71,68% respectivamente.<\/span><\/p>\n<p><b>Fiscaliza\u00e7\u00e3o a bares e restaurantes<\/b><\/p>\n<p><span style=\"font-weight: 400;\">Desde a amplia\u00e7\u00e3o do hor\u00e1rio de atendimento ao p\u00fablico nos bares e restaurantes, as equipes de fiscaliza\u00e7\u00e3o da Prefeitura observaram crescente aumento das infra\u00e7\u00f5es \u00e0s regras que devem ser seguidas pelo setor. No balan\u00e7o geral dos \u00faltimos tr\u00eas finais de semana, foram flagrados 27 estabelecimentos em desacordo, respectivamente, o que aponta para tend\u00eancia de relaxamento dos cuidados.<\/span><\/p>\n<p><span style=\"font-weight: 400;\">A PJF informa que guardas municipais, agentes de transporte e tr\u00e2nsito e fiscais de posturas continuam em rondas pela cidade. A a\u00e7\u00e3o acontece todo fim de semana e visa ao controle e preven\u00e7\u00e3o contra o crescimento de casos de coronav\u00edrus (covid-19) no Munic\u00edpio.<\/span><\/p>\n<p><span style=\"font-weight: 400;\">Atualmente, bares e restaurantes podem funcionar no per\u00edodo entre 10 e 22 horas em Juiz de Fora. E, mesmo com a progress\u00e3o do Munic\u00edpio \u00e0 onda amarela do Programa \u201cMinas Consciente\u201d, do Governo do estado, fase em que a maior parte do com\u00e9rcio est\u00e1 de volta \u00e0 atividade, \u00e9 preciso muita cautela no que diz respeito \u00e0s medidas de preven\u00e7\u00e3o e higiene previstas em decreto. Entre elas, continuam proibidos o autosservi\u00e7o (self-service) e oferta de entretenimento (m\u00fasica ao vivo), bem como a ocupa\u00e7\u00e3o m\u00e1xima est\u00e1 restrita a 50% da capacidade do estabelecimento, que deve ter espa\u00e7amento m\u00ednimo de dois metros entre as mesas, inclusive em \u00e1rea externa.<\/span><\/p>\n<p><b>Ranking de bairros com maior n\u00famero de casos<\/b><\/p>\n<p><span style=\"font-weight: 400;\">Conforme a Prefeitura, mais tr\u00eas bairros entraram para o ranking de locais, com maior n\u00famero de casos confirmados do novo Coronav\u00edrus: Marumbi (Regi\u00e3o Leste), com 38 registros, e Jardim Natal (Regi\u00e3o Norte) e Nossa Senhora das Gra\u00e7as (Regi\u00e3o Nordeste), cada um com 35.<\/span><\/p>\n<p><span style=\"font-weight: 400;\">At\u00e9 o momento, o Dvea registrou 362 casos confirmados no Centro, 258 no Bairro S\u00e3o Mateus, 167 no S\u00e3o Pedro, 145 no Benfica, 103 no Alto dos Passos, 102 no Progresso, 98 no Bom Pastor, 94 no Santa Helena, 92 no Cascatinha, 89 no Nova Era, 82 no Santa Luzia, 80 no Bandeirantes, 79 no Paineiras, 72 no Bairu, 71 no Grama, 66 no Teixeiras, 64 no Granbery, 64 em Nossa Senhora de Lourdes, 59 em Monte Castelo, 58 no Linhares, 53 em Santa Cruz, 52 em Nossa Senhora Aparecida, 52 no Graja\u00fa, 52 no Ipiranga, 49 no Estrela Sul, 49 no Santo Ant\u00f4nio, 48 no Santa Terezinha, 47 no Manoel Hon\u00f3rio, 46 no Jardim Gl\u00f3ria, 46 no Barbosa Lage, 46 no Eldorado, 45 no Francisco Bernardino, 45 no Dom Bosco, 44 no Milho Branco, 44 no Borboleta, 43 no Democrata, 43 em Vila Ideal, 43 no S\u00e3o Judas Tadeu, 42 no J\u00f3quei Clube e 40 no Industrial.<\/span><\/p>\n<p><span style=\"font-weight: 400;\">\u00a0<\/span><b>Casos recuperados<\/b><\/p>\n<p><span style=\"font-weight: 400;\">Segundo dados da PJF, at\u00e9 segunda-feira (28), 5.455 pacientes est\u00e3o recuperados da doen\u00e7a, representando 90,9% dos casos confirmados.<\/span><\/p>\n<p><b>Isolamento social<\/b><\/p>\n<p><span style=\"font-weight: 400;\">Conforme os dados divulgados pela Prefeitura, o munic\u00edpio apresenta taxa de isolamento social em 49,52%, cuja m\u00e9dia \u00e9 dos \u00faltimos sete dias. O valor continua superior \u00e0 taxa registrada em Minas Gerais, que \u00e9 de 48,7%.<\/span><\/p>\n<p><b>Casos e \u00f3bitos confirmados<\/b><\/p>\n<p><span style=\"font-weight: 400;\">Na compara\u00e7\u00e3o com outras cidades do estado, Juiz de Fora permanece como s\u00e9timo munic\u00edpio com maior n\u00famero de casos confirmados. Segundo dados da Secretaria de Estado da Sa\u00fade de Minas Gerais (SES-MG), na primeira posi\u00e7\u00e3o aparece Belo Horizonte com 41.743, Uberl\u00e2ndia em segundo com 28.155, Contagem em terceiro com 9.062, Ipatinga em quarto com 8.625, Montes Claros em quinto com 8.290 e Governador Valadares em sexto com 7.236, estes s\u00e3o os munic\u00edpios que apresentam mais casos confirmados em compara\u00e7\u00e3o com Juiz de Fora.<\/span><\/p>\n<p><span style=\"font-weight: 400;\">J\u00e1 na quest\u00e3o das mortes confirmadas, o munic\u00edpio continua na quinta posi\u00e7\u00e3o nesse quesito. Belo Horizonte lidera com 1.230 \u00f3bitos, Uberl\u00e2ndia \u00e9 o segundo com 553, Contagem em terceiro com 366 e Governador Valadares em quarto com 253.<\/span><\/p>\n","protected":false},"excerpt":{"rendered":"<p>O novo boletim epidemiol\u00f3gico divulgado nesta ter\u00e7a-feira (29) pela Secretaria de Sa\u00fade (SS) da Prefeitura de Juiz de Fora (PJF), confirma que o munic\u00edpio ultrapassou a marca de 6 mil pessoas infectadas por Covid-19. Conforme os dados, nas \u00faltimas 24h, foram registrados mais 31 novos casos, totalizando 6.001. Segundo o levantamento, houve aumento de\u00a0 mais [&hellip;]<\/p>\n","protected":false},"author":96,"featured_media":169962,"comment_status":"closed","ping_status":"closed","sticky":false,"template":"","format":"standard","meta":{"footnotes":""},"categories":[253,436,440,439],"tags":[],"class_list":["post-169961","post","type-post","status-publish","format-standard","has-post-thumbnail","hentry","category-cidade","category-destaque-da-semana","category-destaques-do-dia","category-ultima-hora"],"_links":{"self":[{"href":"https:\/\/diarioregionaldigital.com.br\/index.php?rest_route=\/wp\/v2\/posts\/169961","targetHints":{"allow":["GET"]}}],"collection":[{"href":"https:\/\/diarioregionaldigital.com.br\/index.php?rest_route=\/wp\/v2\/posts"}],"about":[{"href":"https:\/\/diarioregionaldigital.com.br\/index.php?rest_route=\/wp\/v2\/types\/post"}],"author":[{"embeddable":true,"href":"https:\/\/diarioregionaldigital.com.br\/index.php?rest_route=\/wp\/v2\/users\/96"}],"replies":[{"embeddable":true,"href":"https:\/\/diarioregionaldigital.com.br\/index.php?rest_route=%2Fwp%2Fv2%2Fcomments&post=169961"}],"version-history":[{"count":0,"href":"https:\/\/diarioregionaldigital.com.br\/index.php?rest_route=\/wp\/v2\/posts\/169961\/revisions"}],"wp:featuredmedia":[{"embeddable":true,"href":"https:\/\/diarioregionaldigital.com.br\/index.php?rest_route=\/wp\/v2\/media\/169962"}],"wp:attachment":[{"href":"https:\/\/diarioregionaldigital.com.br\/index.php?rest_route=%2Fwp%2Fv2%2Fmedia&parent=169961"}],"wp:term":[{"taxonomy":"category","embeddable":true,"href":"https:\/\/diarioregionaldigital.com.br\/index.php?rest_route=%2Fwp%2Fv2%2Fcategories&post=169961"},{"taxonomy":"post_tag","embeddable":true,"href":"https:\/\/diarioregionaldigital.com.br\/index.php?rest_route=%2Fwp%2Fv2%2Ftags&post=169961"}],"curies":[{"name":"wp","href":"https:\/\/api.w.org\/{rel}","templated":true}]}}