{"id":169946,"date":"2020-09-29T17:24:49","date_gmt":"2020-09-29T20:24:49","guid":{"rendered":"https:\/\/diarioregionaldigital.com.br\/?p=169946"},"modified":"2020-09-29T17:24:49","modified_gmt":"2020-09-29T20:24:49","slug":"curso-de-formacao-de-educadores-populares-da-ufjf-oferece-20-vagas","status":"publish","type":"post","link":"https:\/\/diarioregionaldigital.com.br\/?p=169946","title":{"rendered":"Curso de forma\u00e7\u00e3o de educadores populares da UFJF oferece 20 vagas"},"content":{"rendered":"<p><span style=\"font-weight: 400;\">O projeto de extens\u00e3o \u201cEmancipA\u00e7\u00e3o \u2013 Direitos Humanos e Cidadania\u201d, vinculado \u00e0 Faculdade de Servi\u00e7o Social, da Universidade Federal de Juiz de Fora (UFJF), est\u00e1 com inscri\u00e7\u00f5es abertas para o primeiro curso on-line voltado para forma\u00e7\u00e3o de educadores populares. S\u00e3o oferecidas 20 vagas e os interessados devem preencher o formul\u00e1rio via internet at\u00e9 12 de outubro.<\/span><\/p>\n<p><span style=\"font-weight: 400;\">H\u00e1 uma sele\u00e7\u00e3o pr\u00e9via, priorizando os profissionais que j\u00e1 atuam em cursinhos populares, sendo metade das vagas destinadas para esse p\u00fablico, e o restante para os demais inscritos. Al\u00e9m disso, o curso tamb\u00e9m \u00e9 voltado para profissionais que estejam vinculados a movimentos sociais, educadores populares, sindicatos, partidos pol\u00edticos, professores da rede p\u00fablica e privada, tanto do ensino superior quanto fundamental e m\u00e9dio, estudantes universit\u00e1rios e secundaristas que estejam envolvidos com a educa\u00e7\u00e3o em algum n\u00edvel.<\/span><\/p>\n<p><span style=\"font-weight: 400;\">As atividades, previstas para terem in\u00edcio no come\u00e7o de novembro, ocorrem de forma remota, visando a adapta\u00e7\u00e3o ao atual quadro de pandemia. O curso \u00e9 distribu\u00eddo em oito aulas, uma a cada 15 dias, com dura\u00e7\u00e3o de duas horas. O objetivo \u00e9 oferecer um espa\u00e7o para aprendizado, troca, di\u00e1logo e uma capacita\u00e7\u00e3o rica, a fim de preparar educadores da cidade para atuarem na oferta de cursinhos populares.<\/span><\/p>\n<p><span style=\"font-weight: 400;\">Para confirmar a inscri\u00e7\u00e3o, \u00e9 preciso que haja o envio de uma carta de compromisso comprovando a atua\u00e7\u00e3o em alguma institui\u00e7\u00e3o, seja sindicatos, movimentos populares, e outros, constando a assinatura do coordenador, respons\u00e1vel ou membro da a\u00e7\u00e3o, de forma que ateste o v\u00ednculo com a mesma.\u00a0<\/span><\/p>\n<p><b>Conte\u00fado<\/b><\/p>\n<p><span style=\"font-weight: 400;\">O conte\u00fado program\u00e1tico prev\u00ea que a primeira aula tem como discuss\u00e3o o \u201cM\u00e9todo Paulo Freire e a Educa\u00e7\u00e3o Popular\u201d. Os demais temas abordam \u201cForma\u00e7\u00e3o Social Brasileira\u201d, que consistir\u00e1 em tr\u00eas encontros; \u201cDireitos Humanos e Cidadania\u201d; e \u201cCidadania e Sujeitos Perif\u00e9ricos\u201d. Al\u00e9m disso, a atividade conta com uma aula de encerramento, com avalia\u00e7\u00e3o interna e resposta de d\u00favidas.<\/span><\/p>\n<p><span style=\"font-weight: 400;\">Segundo a coordenadora do projeto, Edneia Alves de Oliveira,\u00a0 a motiva\u00e7\u00e3o para o curso nasceu da necessidade de desenvolver um formato de ensino que se adeque \u00e0 realidade dos estudantes, reconhecendo influ\u00eancias sociais e culturais que os cercam. \u201cAcreditamos que construindo uma forma de educa\u00e7\u00e3o coletiva, vamos abrir portas para um processo de amplia\u00e7\u00e3o dos saberes e de forma\u00e7\u00e3o de massa cr\u00edtica capaz de desenvolver reflex\u00f5es sobre e a partir de suas trajet\u00f3rias de vida, compreendendo os fundamentos da forma\u00e7\u00e3o brasileira e sua inser\u00e7\u00e3o nesse processo. Somente a partir de uma perspectiva diferenciada de escola \u00e9 que podemos construir uma resist\u00eancia forte ao projeto dominante.\u201d<\/span><\/p>\n<p><span style=\"font-weight: 400;\">Para a pr\u00f3-reitora de Extens\u00e3o, <\/span><span style=\"font-weight: 400;\">Ana L\u00edvia Coimbra<\/span><span style=\"font-weight: 400;\">, o projeto da Faculdade de Servi\u00e7o Social faz parte de um conjunto de iniciativas coordenadas pela Pr\u00f3-reitoria de Extens\u00e3o (Proex) com o objetivo fortalecer o contato com as organiza\u00e7\u00f5es e entidades da sociedade civil, a fim de promover reflex\u00f5es e organizar as reivindica\u00e7\u00f5es na dire\u00e7\u00e3o do cumprimento dos direitos sociais. \u201cAqui se tem um espa\u00e7o de forma\u00e7\u00e3o para atua\u00e7\u00e3o de educadores no campo da educa\u00e7\u00e3o popular em futuros cursinhos que possam ser efetivados. A a\u00e7\u00e3o contribui para a garantia de um direito important\u00edssimo na sociedade brasileira que \u00e9 a educa\u00e7\u00e3o.\u201d<\/span><\/p>\n<p><span style=\"font-weight: 400;\">Todos os envolvidos que participarem das aulas de forma integrada receber\u00e3o certificado de participa\u00e7\u00e3o e conclus\u00e3o da capacita\u00e7\u00e3o.\u00a0<\/span><\/p>\n<p><strong>Fonte:\u00a0<\/strong>Assessoria<\/p>\n<p>&nbsp;<\/p>\n","protected":false},"excerpt":{"rendered":"<p>O projeto de extens\u00e3o \u201cEmancipA\u00e7\u00e3o \u2013 Direitos Humanos e Cidadania\u201d, vinculado \u00e0 Faculdade de Servi\u00e7o Social, da Universidade Federal de Juiz de Fora (UFJF), est\u00e1 com inscri\u00e7\u00f5es abertas para o primeiro curso on-line voltado para forma\u00e7\u00e3o de educadores populares. S\u00e3o oferecidas 20 vagas e os interessados devem preencher o formul\u00e1rio via internet at\u00e9 12 de [&hellip;]<\/p>\n","protected":false},"author":96,"featured_media":169947,"comment_status":"closed","ping_status":"closed","sticky":false,"template":"","format":"standard","meta":{"footnotes":""},"categories":[253,436,439],"tags":[],"class_list":["post-169946","post","type-post","status-publish","format-standard","has-post-thumbnail","hentry","category-cidade","category-destaque-da-semana","category-ultima-hora"],"_links":{"self":[{"href":"https:\/\/diarioregionaldigital.com.br\/index.php?rest_route=\/wp\/v2\/posts\/169946","targetHints":{"allow":["GET"]}}],"collection":[{"href":"https:\/\/diarioregionaldigital.com.br\/index.php?rest_route=\/wp\/v2\/posts"}],"about":[{"href":"https:\/\/diarioregionaldigital.com.br\/index.php?rest_route=\/wp\/v2\/types\/post"}],"author":[{"embeddable":true,"href":"https:\/\/diarioregionaldigital.com.br\/index.php?rest_route=\/wp\/v2\/users\/96"}],"replies":[{"embeddable":true,"href":"https:\/\/diarioregionaldigital.com.br\/index.php?rest_route=%2Fwp%2Fv2%2Fcomments&post=169946"}],"version-history":[{"count":0,"href":"https:\/\/diarioregionaldigital.com.br\/index.php?rest_route=\/wp\/v2\/posts\/169946\/revisions"}],"wp:featuredmedia":[{"embeddable":true,"href":"https:\/\/diarioregionaldigital.com.br\/index.php?rest_route=\/wp\/v2\/media\/169947"}],"wp:attachment":[{"href":"https:\/\/diarioregionaldigital.com.br\/index.php?rest_route=%2Fwp%2Fv2%2Fmedia&parent=169946"}],"wp:term":[{"taxonomy":"category","embeddable":true,"href":"https:\/\/diarioregionaldigital.com.br\/index.php?rest_route=%2Fwp%2Fv2%2Fcategories&post=169946"},{"taxonomy":"post_tag","embeddable":true,"href":"https:\/\/diarioregionaldigital.com.br\/index.php?rest_route=%2Fwp%2Fv2%2Ftags&post=169946"}],"curies":[{"name":"wp","href":"https:\/\/api.w.org\/{rel}","templated":true}]}}