{"id":169940,"date":"2020-09-29T17:16:12","date_gmt":"2020-09-29T20:16:12","guid":{"rendered":"https:\/\/diarioregionaldigital.com.br\/?p=169940"},"modified":"2020-09-29T17:16:12","modified_gmt":"2020-09-29T20:16:12","slug":"museu-prepara-programacao-de-lives-com-temas-diversos-para-outubro","status":"publish","type":"post","link":"https:\/\/diarioregionaldigital.com.br\/?p=169940","title":{"rendered":"Museu prepara programa\u00e7\u00e3o de lives com temas diversos para outubro"},"content":{"rendered":"<p>Seguindo a nova tend\u00eancia utilizada por museus em todo o mundo, em decorr\u00eancia da pandemia, o Museu \u201cMariano Proc\u00f3pio\u201d est\u00e1 produzindo diferentes conte\u00fados para o meio virtual, e as lives s\u00e3o uma das ferramentas a serem mantidas, mesmo quando ocorrer o final do per\u00edodo de distanciamento social, com o retorno do p\u00fablico aos espa\u00e7os hist\u00f3ricos. Para outubro, a equipe est\u00e1 preparando programa\u00e7\u00e3o que contar\u00e1 com a transmiss\u00e3o de diferentes conte\u00fados, como tour aos pr\u00e9dios hist\u00f3ricos e aula de ioga, dentre outros.<\/p>\n<p>A programa\u00e7\u00e3o para o m\u00eas, assim como a temporada cultural da \u201c14\u00aa Primavera dos Museus\u201d, realizada na \u00faltima semana, ser\u00e1 para todos os tipos de p\u00fablicos, de crian\u00e7as a adultos. Em outubro, algumas datas receber\u00e3o aten\u00e7\u00e3o, como os dias dedicados ao poeta, \u00e0s crian\u00e7as e ao professor. E para algumas a\u00e7\u00f5es a institui\u00e7\u00e3o ter\u00e1 a colabora\u00e7\u00e3o externa de parceiros. As atividades ser\u00e3o divulgadas ao longo das semanas, atrav\u00e9s do portal de not\u00edcias da Prefeitura de Juiz de Fora (PJF) e das redes s\u00f3cias do Museu, o\u00a0<a href=\"https:\/\/www.facebook.com\/museu.marianoprocopio\">facebook<\/a>\u00a0e o instagram (@museumarianoprocopio).<\/p>\n<p><strong>Fonte:\u00a0<\/strong>Assessoria<\/p>\n","protected":false},"excerpt":{"rendered":"<p>Seguindo a nova tend\u00eancia utilizada por museus em todo o mundo, em decorr\u00eancia da pandemia, o Museu \u201cMariano Proc\u00f3pio\u201d est\u00e1 produzindo diferentes conte\u00fados para o meio virtual, e as lives s\u00e3o uma das ferramentas a serem mantidas, mesmo quando ocorrer o final do per\u00edodo de distanciamento social, com o retorno do p\u00fablico aos espa\u00e7os hist\u00f3ricos. [&hellip;]<\/p>\n","protected":false},"author":96,"featured_media":169941,"comment_status":"closed","ping_status":"closed","sticky":false,"template":"","format":"standard","meta":{"footnotes":""},"categories":[256,436,262,439],"tags":[],"class_list":["post-169940","post","type-post","status-publish","format-standard","has-post-thumbnail","hentry","category-cultura","category-destaque-da-semana","category-noticias","category-ultima-hora"],"_links":{"self":[{"href":"https:\/\/diarioregionaldigital.com.br\/index.php?rest_route=\/wp\/v2\/posts\/169940","targetHints":{"allow":["GET"]}}],"collection":[{"href":"https:\/\/diarioregionaldigital.com.br\/index.php?rest_route=\/wp\/v2\/posts"}],"about":[{"href":"https:\/\/diarioregionaldigital.com.br\/index.php?rest_route=\/wp\/v2\/types\/post"}],"author":[{"embeddable":true,"href":"https:\/\/diarioregionaldigital.com.br\/index.php?rest_route=\/wp\/v2\/users\/96"}],"replies":[{"embeddable":true,"href":"https:\/\/diarioregionaldigital.com.br\/index.php?rest_route=%2Fwp%2Fv2%2Fcomments&post=169940"}],"version-history":[{"count":0,"href":"https:\/\/diarioregionaldigital.com.br\/index.php?rest_route=\/wp\/v2\/posts\/169940\/revisions"}],"wp:featuredmedia":[{"embeddable":true,"href":"https:\/\/diarioregionaldigital.com.br\/index.php?rest_route=\/wp\/v2\/media\/169941"}],"wp:attachment":[{"href":"https:\/\/diarioregionaldigital.com.br\/index.php?rest_route=%2Fwp%2Fv2%2Fmedia&parent=169940"}],"wp:term":[{"taxonomy":"category","embeddable":true,"href":"https:\/\/diarioregionaldigital.com.br\/index.php?rest_route=%2Fwp%2Fv2%2Fcategories&post=169940"},{"taxonomy":"post_tag","embeddable":true,"href":"https:\/\/diarioregionaldigital.com.br\/index.php?rest_route=%2Fwp%2Fv2%2Ftags&post=169940"}],"curies":[{"name":"wp","href":"https:\/\/api.w.org\/{rel}","templated":true}]}}