{"id":169930,"date":"2020-09-29T15:56:01","date_gmt":"2020-09-29T18:56:01","guid":{"rendered":"https:\/\/diarioregionaldigital.com.br\/?p=169930"},"modified":"2020-09-29T15:56:01","modified_gmt":"2020-09-29T18:56:01","slug":"preenchimento-de-questionario-sera-exigido-para-acesso-a-cidade-administrativa-a-partir-desta-quarta-feira-30-9","status":"publish","type":"post","link":"https:\/\/diarioregionaldigital.com.br\/?p=169930","title":{"rendered":"Preenchimento de question\u00e1rio ser\u00e1 exigido para acesso \u00e0 Cidade Administrativa a partir desta quarta-feira (30\/9)"},"content":{"rendered":"<p>A partir desta quarta-feira (30\/9), todos os servidores que estiverem trabalhando presencialmente na Cidade Administrativa precisar\u00e3o, obrigatoriamente, preencher, com anteced\u00eancia, o question\u00e1rio de autoavalia\u00e7\u00e3o de covid-19, dispon\u00edvel\u00a0<a href=\"http:\/\/acesso.mg.gov.br\/\" target=\"_blank\" rel=\"noopener noreferrer\">neste link<\/a>\u00a0e no Sistema de Ponto Digital. O objetivo \u00e9 garantir a seguran\u00e7a e a sa\u00fade de todos que estiverem no local, por isso, o documento deve ser preenchido antes do deslocamento para a sede do Estado.<\/p>\n<p>Empregados p\u00fablicos, prestadores de servi\u00e7os e visitantes tamb\u00e9m devem fazer a avalia\u00e7\u00e3o e apresentar o resultado para acessar os pr\u00e9dios. O question\u00e1rio foi disponibilizado pela\u00a0<a href=\"http:\/\/www.planejamento.mg.gov.br\/\" target=\"_blank\" rel=\"noopener noreferrer\">Secretaria de Estado de Planejamento e Gest\u00e3o (Seplag)<\/a>, por meio da Coordenadoria Especial da Cidade Administrativa (Cecad), e pode ser preenchido apenas uma vez por dia.<\/p>\n<p>Ap\u00f3s o preenchimento, o formul\u00e1rio indicar\u00e1 resultado \u201cverde\u201d ou \u201cvermelho\u201d. Com o resultado verde, o servidor poder\u00e1 ir \u00e0 Cidade Administrativa, apresentando a avalia\u00e7\u00e3o nos pontos de acesso ao transporte fretado e na recep\u00e7\u00e3o. No entanto, se o resultado for vermelho, ele n\u00e3o deve comparecer ao complexo. Al\u00e9m desta medida de seguran\u00e7a, tamb\u00e9m haver\u00e1 aferi\u00e7\u00e3o de temperatura nas entradas dos pr\u00e9dios.<\/p>\n<p><strong>Precau\u00e7\u00e3o<\/strong><\/p>\n<p>A Cecad elaborou, ainda, uma cartilha orientativa sobre os cuidados que devem ser tomados ao frequentar a Cidade Administrativa. O uso de m\u00e1scara de prote\u00e7\u00e3o \u00e9 obrigat\u00f3rio em todos os espa\u00e7os, al\u00e9m de ser necess\u00e1rio higienizar as m\u00e3os corretamente com \u00e1gua e sab\u00e3o, utilizar \u00e1lcool em gel e manter uma dist\u00e2ncia de seguran\u00e7a de 2 metros entre as pessoas. Outras informa\u00e7\u00f5es podem ser acessadas\u00a0<a href=\"http:\/\/www.portalca.mg.gov.br\/\" target=\"_blank\" rel=\"noopener noreferrer\">neste link<\/a>.<\/p>\n<p><strong>Retorno gradual<\/strong><\/p>\n<p>O retorno do trabalho presencial nos \u00f3rg\u00e3os do Estado vai ocorrer, gradualmente, quando as regi\u00f5es em que as unidades est\u00e3o localizadas estiverem na Onda Verde do Plano Minas Consciente. Atualmente, 80% dos servidores do Executivo estadual est\u00e3o em teletrabalho. De 16 mil trabalhadores, 800 realizam atividades presenciais na Cidade Administrativa.<\/p>\n<p>As diretrizes para a retomada gradual do trabalho presencial foram publicadas no\u00a0<a href=\"https:\/\/www.jornalminasgerais.mg.gov.br\/\" target=\"_blank\" rel=\"noopener noreferrer\">Di\u00e1rio Oficial de Minas Gerais<\/a>, no dia 15\/9. A Delibera\u00e7\u00e3o n\u00ba 85, do Comit\u00ea Extraordin\u00e1rio Covid-19, trata das medidas que devem ser seguidas por todos os \u00f3rg\u00e3os, e a Resolu\u00e7\u00e3o Conjunta Seplag\/SES n\u00ba 10.231 define condi\u00e7\u00f5es espec\u00edficas para a Cidade Administrativa.<\/p>\n<p><strong>Fonte:\u00a0<\/strong>Ag\u00eancia Minas<\/p>\n","protected":false},"excerpt":{"rendered":"<p>A partir desta quarta-feira (30\/9), todos os servidores que estiverem trabalhando presencialmente na Cidade Administrativa precisar\u00e3o, obrigatoriamente, preencher, com anteced\u00eancia, o question\u00e1rio de autoavalia\u00e7\u00e3o de covid-19, dispon\u00edvel\u00a0neste link\u00a0e no Sistema de Ponto Digital. O objetivo \u00e9 garantir a seguran\u00e7a e a sa\u00fade de todos que estiverem no local, por isso, o documento deve ser preenchido [&hellip;]<\/p>\n","protected":false},"author":96,"featured_media":169933,"comment_status":"closed","ping_status":"closed","sticky":false,"template":"","format":"standard","meta":{"footnotes":""},"categories":[436,261,439],"tags":[],"class_list":["post-169930","post","type-post","status-publish","format-standard","has-post-thumbnail","hentry","category-destaque-da-semana","category-economia","category-ultima-hora"],"_links":{"self":[{"href":"https:\/\/diarioregionaldigital.com.br\/index.php?rest_route=\/wp\/v2\/posts\/169930","targetHints":{"allow":["GET"]}}],"collection":[{"href":"https:\/\/diarioregionaldigital.com.br\/index.php?rest_route=\/wp\/v2\/posts"}],"about":[{"href":"https:\/\/diarioregionaldigital.com.br\/index.php?rest_route=\/wp\/v2\/types\/post"}],"author":[{"embeddable":true,"href":"https:\/\/diarioregionaldigital.com.br\/index.php?rest_route=\/wp\/v2\/users\/96"}],"replies":[{"embeddable":true,"href":"https:\/\/diarioregionaldigital.com.br\/index.php?rest_route=%2Fwp%2Fv2%2Fcomments&post=169930"}],"version-history":[{"count":0,"href":"https:\/\/diarioregionaldigital.com.br\/index.php?rest_route=\/wp\/v2\/posts\/169930\/revisions"}],"wp:featuredmedia":[{"embeddable":true,"href":"https:\/\/diarioregionaldigital.com.br\/index.php?rest_route=\/wp\/v2\/media\/169933"}],"wp:attachment":[{"href":"https:\/\/diarioregionaldigital.com.br\/index.php?rest_route=%2Fwp%2Fv2%2Fmedia&parent=169930"}],"wp:term":[{"taxonomy":"category","embeddable":true,"href":"https:\/\/diarioregionaldigital.com.br\/index.php?rest_route=%2Fwp%2Fv2%2Fcategories&post=169930"},{"taxonomy":"post_tag","embeddable":true,"href":"https:\/\/diarioregionaldigital.com.br\/index.php?rest_route=%2Fwp%2Fv2%2Ftags&post=169930"}],"curies":[{"name":"wp","href":"https:\/\/api.w.org\/{rel}","templated":true}]}}