{"id":169927,"date":"2020-09-29T15:26:41","date_gmt":"2020-09-29T18:26:41","guid":{"rendered":"https:\/\/diarioregionaldigital.com.br\/?p=169927"},"modified":"2020-09-29T15:26:41","modified_gmt":"2020-09-29T18:26:41","slug":"cbat-promove-convocacao-para-o-mundial-de-meia-maratona","status":"publish","type":"post","link":"https:\/\/diarioregionaldigital.com.br\/?p=169927","title":{"rendered":"CBAt promove convoca\u00e7\u00e3o para o Mundial de Meia Maratona"},"content":{"rendered":"<p><span style=\"font-weight: 400;\">A Confedera\u00e7\u00e3o Brasileira de Atletismo (CBAt), promoveu a convoca\u00e7\u00e3o de atletas para a disputa do Mundial de Meia Maratona, que ser\u00e1 disputado no dia 17 de outubro, em Gdynia na Pol\u00f4nia. A competi\u00e7\u00e3o seria realizada em mar\u00e7o deste ano, mas deve de ser adiada por conta da pandemia do Coronav\u00edrus.<\/span><\/p>\n<p><span style=\"font-weight: 400;\">Foram chamados Ederson Vilela Pereira (Pinheiros), Daniel Ferreira do Nascimento (ABDA) e Gilmar Silvestre Lopes (Cruzeiro\/Caixa) no masculino, al\u00e9m de Valdilene dos Santos Silva e Andreia Aparecida Hessel (ambas do Pinheiros), no feminino. Todos os atletas alcan\u00e7aram os \u00edndices fixados pelos crit\u00e9rios de convoca\u00e7\u00e3o estabelecidos pelo Conselho T\u00e9cnico da CBAt. Foram convocados tamb\u00e9m o treinador Claudio Roberto de Castilho (SP), o m\u00e9dico Andr\u00e9 Lu\u00eds Lugnani de Andrade (CBAt) e o fisioterapeuta Ricardo Zacharias de Souza (CBAt).<\/span><\/p>\n<p><span style=\"font-weight: 400;\">Seguindo as medidas de seguran\u00e7a e preven\u00e7\u00e3o ao Coronav\u00edrus, estabelecidas nas Pol\u00edticas de Sa\u00fade P\u00fablica da Pol\u00f4nia, todas as delega\u00e7\u00f5es dever\u00e3o fazer o uso obrigat\u00f3rio de m\u00e1scara em todos os locais p\u00fablicos para toda a equipe, exceto quando sentados para a realiza\u00e7\u00e3o das refei\u00e7\u00f5es (a m\u00e1scara deve ser colocada sempre que levantar da mesa, mesmo que seja por um breve momento). Ela pode ser retirada tamb\u00e9m no percurso da corrida, aquecimento e \u00e1reas de treinamento (deve ser usada enquanto se dirige a esses locais e nas \u00e1reas do hotel).<\/span><\/p>\n<p><span style=\"font-weight: 400;\">Al\u00e9m disso, a pr\u00f3pria CBAt, ir\u00e1 fornecer o item de prote\u00e7\u00e3o, a partir do trecho internacional da viagem. \u00c9 recomendado tamb\u00e9m evitar contato com com qualquer indiv\u00edduo que n\u00e3o esteja credenciado ou diretamente envolvido com a organiza\u00e7\u00e3o do evento. H\u00e1 tamb\u00e9m o Protocolo de Libera\u00e7\u00e3o M\u00e9dica, que envolve consultas m\u00e9dicas, aferi\u00e7\u00e3o de sintomas de Covid-19 e exames de PCR na sa\u00edda do Brasil e na chegada \u00e0 Pol\u00f4nia:<\/span><\/p>\n<p><span style=\"font-weight: 400;\">\u201cO protocolo \u00e9 complexo, mas necess\u00e1rio. Temos de garantir que estamos todos saud\u00e1veis\u201d, comentou o treinador Claudio Castilho. \u201cOs atletas est\u00e3o desde o in\u00edcio do ano sem competir e devem sentir falta de ritmo. Por isso, v\u00e3o participar da etapa do Torneio da Federa\u00e7\u00e3o Paulista, no dia 13, em Bragan\u00e7a Paulista.\u201d<\/span><\/p>\n<p><span style=\"font-weight: 400;\">Ainda conforme o treinador, mesmo com a falta de ritmo, ele diz que acredita na supera\u00e7\u00e3o dos atletas, durante a competi\u00e7\u00e3o, Acho que mesmo com a falta de ritmo, os atletas v\u00e3o se superar, pois n\u00e3o tem ningu\u00e9m contundido. O Mundial \u00e9 extremamente importante para a prepara\u00e7\u00e3o do grupo, que pretende correr a Maratona de Val\u00eancia, na Espanha, em 6 de dezembro. O grande objetivo \u00e9 a obten\u00e7\u00e3o do \u00edndice para os Jogos Ol\u00edmpicos de T\u00f3quio\u201d.<\/span><\/p>\n","protected":false},"excerpt":{"rendered":"<p>A Confedera\u00e7\u00e3o Brasileira de Atletismo (CBAt), promoveu a convoca\u00e7\u00e3o de atletas para a disputa do Mundial de Meia Maratona, que ser\u00e1 disputado no dia 17 de outubro, em Gdynia na Pol\u00f4nia. A competi\u00e7\u00e3o seria realizada em mar\u00e7o deste ano, mas deve de ser adiada por conta da pandemia do Coronav\u00edrus. Foram chamados Ederson Vilela Pereira [&hellip;]<\/p>\n","protected":false},"author":96,"featured_media":169928,"comment_status":"closed","ping_status":"closed","sticky":false,"template":"","format":"standard","meta":{"footnotes":""},"categories":[436,257,439],"tags":[],"class_list":["post-169927","post","type-post","status-publish","format-standard","has-post-thumbnail","hentry","category-destaque-da-semana","category-esporte","category-ultima-hora"],"_links":{"self":[{"href":"https:\/\/diarioregionaldigital.com.br\/index.php?rest_route=\/wp\/v2\/posts\/169927","targetHints":{"allow":["GET"]}}],"collection":[{"href":"https:\/\/diarioregionaldigital.com.br\/index.php?rest_route=\/wp\/v2\/posts"}],"about":[{"href":"https:\/\/diarioregionaldigital.com.br\/index.php?rest_route=\/wp\/v2\/types\/post"}],"author":[{"embeddable":true,"href":"https:\/\/diarioregionaldigital.com.br\/index.php?rest_route=\/wp\/v2\/users\/96"}],"replies":[{"embeddable":true,"href":"https:\/\/diarioregionaldigital.com.br\/index.php?rest_route=%2Fwp%2Fv2%2Fcomments&post=169927"}],"version-history":[{"count":0,"href":"https:\/\/diarioregionaldigital.com.br\/index.php?rest_route=\/wp\/v2\/posts\/169927\/revisions"}],"wp:featuredmedia":[{"embeddable":true,"href":"https:\/\/diarioregionaldigital.com.br\/index.php?rest_route=\/wp\/v2\/media\/169928"}],"wp:attachment":[{"href":"https:\/\/diarioregionaldigital.com.br\/index.php?rest_route=%2Fwp%2Fv2%2Fmedia&parent=169927"}],"wp:term":[{"taxonomy":"category","embeddable":true,"href":"https:\/\/diarioregionaldigital.com.br\/index.php?rest_route=%2Fwp%2Fv2%2Fcategories&post=169927"},{"taxonomy":"post_tag","embeddable":true,"href":"https:\/\/diarioregionaldigital.com.br\/index.php?rest_route=%2Fwp%2Fv2%2Ftags&post=169927"}],"curies":[{"name":"wp","href":"https:\/\/api.w.org\/{rel}","templated":true}]}}