{"id":169924,"date":"2020-09-29T14:53:02","date_gmt":"2020-09-29T17:53:02","guid":{"rendered":"https:\/\/diarioregionaldigital.com.br\/?p=169924"},"modified":"2020-09-29T14:53:02","modified_gmt":"2020-09-29T17:53:02","slug":"mick-schumacher-fara-sua-estreia-na-f1-em-uma-das-sessoes-de-treinos-livres-no-gp-de-eifel","status":"publish","type":"post","link":"https:\/\/diarioregionaldigital.com.br\/?p=169924","title":{"rendered":"Mick Schumacher far\u00e1 sua estreia na F1, em uma das sess\u00f5es de treinos livres no GP de Eifel"},"content":{"rendered":"<p><span style=\"font-weight: 400;\">Ap\u00f3s cerca de oito anos, o sobrenome Schumacher estar\u00e1 de volta ao circo da F1. Em uma das sess\u00f5es de treinos livres do Grande Pr\u00eamio de Eifel no circuito de Nurburgring na Alemanha, pr\u00f3xima etapa da temporada, Mick Schumacher, filho do heptacampe\u00e3o Michael, far\u00e1 sua estreia oficial na principal categoria do automobilismo mundial, pela Alfa Romeo. Atualmente, ele \u00e9 membro da Academia de Pilotos da Ferrari (FDA)<\/span><\/p>\n<p><span style=\"font-weight: 400;\">O jovem alem\u00e3o de 21 anos, j\u00e1 havia testado um carro de F1, no Bahrein em 2019 pela Ferrari, entretanto naquela ocasi\u00e3o, n\u00e3o era fim de semana de Grande Pr\u00eamio. Al\u00e9m disso, pilotou o modelo F2004 em Mugello na It\u00e1lia, o qual deu o s\u00e9timo t\u00edtulo mundial ao seu pai.<\/span><\/p>\n<p><span style=\"font-weight: 400;\">A Alfa Romeo confirmou que Mick assumir\u00e1 o cockpit de Antonio Giovinazzi, em uma das sess\u00f5es. Diante da oportunidade, o piloto alem\u00e3o fala sobre sua expectativa de fazer suas estreia oficial diante de sua terra-natal, que \u00e9 Alemanha, para dar um toque ainda mais especial:<\/span><\/p>\n<p><span style=\"font-weight: 400;\">\u201cEstou muito feliz por ter esta chance. O fato de minha primeira participa\u00e7\u00e3o em um fim de semana de F\u00f3rmula 1 acontecer na frente do meu p\u00fablico em N\u00fcrburgring torna este momento ainda mais especial. Gostaria de agradecer \u00e0 Alfa Romeo Racing e \u00e0 Ferrari Driver Academy por me darem a oportunidade de experimentar novamente a F\u00f3rmula 1 ap\u00f3s um ano e meio do nosso test drive no Bahrein\u201d.<\/span><\/p>\n<p><span style=\"font-weight: 400;\">O chefe da equipe Alfa Romeo, Fred Vasseur, acrescentou: \u201cN\u00e3o h\u00e1 d\u00favida de que Mick \u00e9 um dos grandes talentos que est\u00e3o chegando na s\u00e9rie feeder e seus resultados recentes t\u00eam mostrado isso. Ele \u00e9 obviamente r\u00e1pido, mas tamb\u00e9m consistente e maduro ao volante &#8211; todas as marcas de um campe\u00e3o em forma\u00e7\u00e3o. &#8220;<\/span><\/p>\n<p><span style=\"font-weight: 400;\">Al\u00e9m disso, outros dois pilotos da F2 tamb\u00e9m foram convocados para participarem em sess\u00f5es de treinos livres: Callum Ilott e Robert Shwartzman. O ingl\u00eas pilotar\u00e1 o carro da Haas, tamb\u00e9m no Circuito de Nurburgring. J\u00e1 o russo Shwartzman estar\u00e1 presente na \u00faltima etapa do ano, em Abu Dhabi.<\/span><\/p>\n<p><span style=\"font-weight: 400;\">Laurent Mekies, Diretor do FDA e Diretor Esportivo da Ferrari disse: \u201cQuer\u00edamos organizar esta sess\u00e3o de teste para que nossos tr\u00eas melhores pilotos estivessem o mais bem preparados poss\u00edvel para enfrentar um evento que sempre ser\u00e1 um momento especial para eles. Ser\u00e1 uma chance de se familiarizar com um carro de F1, que \u00e9 muito mais complicado do que o carro que eles est\u00e3o acostumados a pilotar. Gostaria de agradecer \u00e0 Haas e \u00e0 Alfa Romeo por oferecerem a Callum, Mick e Robert esta oportunidade. Acreditamos fortemente na nossa Academia, que j\u00e1 provou o seu valor, com Charles Leclerc, um piloto sobre o qual a Escuderia pode construir o seu futuro a longo prazo\u201d.<\/span><\/p>\n<p><span style=\"font-weight: 400;\">Na classifica\u00e7\u00e3o da F2, Mick Schumacher lidera com 191 pontos, restando duas etapas para o fim do campeonato. O vice-l\u00edder \u00e9 Callum Ilott com 169.\u00a0<\/span><\/p>\n","protected":false},"excerpt":{"rendered":"<p>Ap\u00f3s cerca de oito anos, o sobrenome Schumacher estar\u00e1 de volta ao circo da F1. Em uma das sess\u00f5es de treinos livres do Grande Pr\u00eamio de Eifel no circuito de Nurburgring na Alemanha, pr\u00f3xima etapa da temporada, Mick Schumacher, filho do heptacampe\u00e3o Michael, far\u00e1 sua estreia oficial na principal categoria do automobilismo mundial, pela Alfa [&hellip;]<\/p>\n","protected":false},"author":96,"featured_media":169925,"comment_status":"closed","ping_status":"closed","sticky":false,"template":"","format":"standard","meta":{"footnotes":""},"categories":[436,257,439],"tags":[],"class_list":["post-169924","post","type-post","status-publish","format-standard","has-post-thumbnail","hentry","category-destaque-da-semana","category-esporte","category-ultima-hora"],"_links":{"self":[{"href":"https:\/\/diarioregionaldigital.com.br\/index.php?rest_route=\/wp\/v2\/posts\/169924","targetHints":{"allow":["GET"]}}],"collection":[{"href":"https:\/\/diarioregionaldigital.com.br\/index.php?rest_route=\/wp\/v2\/posts"}],"about":[{"href":"https:\/\/diarioregionaldigital.com.br\/index.php?rest_route=\/wp\/v2\/types\/post"}],"author":[{"embeddable":true,"href":"https:\/\/diarioregionaldigital.com.br\/index.php?rest_route=\/wp\/v2\/users\/96"}],"replies":[{"embeddable":true,"href":"https:\/\/diarioregionaldigital.com.br\/index.php?rest_route=%2Fwp%2Fv2%2Fcomments&post=169924"}],"version-history":[{"count":0,"href":"https:\/\/diarioregionaldigital.com.br\/index.php?rest_route=\/wp\/v2\/posts\/169924\/revisions"}],"wp:featuredmedia":[{"embeddable":true,"href":"https:\/\/diarioregionaldigital.com.br\/index.php?rest_route=\/wp\/v2\/media\/169925"}],"wp:attachment":[{"href":"https:\/\/diarioregionaldigital.com.br\/index.php?rest_route=%2Fwp%2Fv2%2Fmedia&parent=169924"}],"wp:term":[{"taxonomy":"category","embeddable":true,"href":"https:\/\/diarioregionaldigital.com.br\/index.php?rest_route=%2Fwp%2Fv2%2Fcategories&post=169924"},{"taxonomy":"post_tag","embeddable":true,"href":"https:\/\/diarioregionaldigital.com.br\/index.php?rest_route=%2Fwp%2Fv2%2Ftags&post=169924"}],"curies":[{"name":"wp","href":"https:\/\/api.w.org\/{rel}","templated":true}]}}