{"id":169917,"date":"2020-09-29T14:07:35","date_gmt":"2020-09-29T17:07:35","guid":{"rendered":"https:\/\/diarioregionaldigital.com.br\/?p=169917"},"modified":"2020-09-29T14:07:35","modified_gmt":"2020-09-29T17:07:35","slug":"comite-de-conformidade-aprova-chapas-para-as-eleicao-do-cob","status":"publish","type":"post","link":"https:\/\/diarioregionaldigital.com.br\/?p=169917","title":{"rendered":"Comit\u00ea de Conformidade aprova chapas para as elei\u00e7\u00e3o do COB"},"content":{"rendered":"<p><span style=\"font-weight: 400;\">As tr\u00eas chapas inscritas para as elei\u00e7\u00f5es \u00e0 presid\u00eancia do Comit\u00ea Ol\u00edmpico do Brasil (COB) foram aprovadas pelo Comit\u00ea de Conformidade da entidade e est\u00e3o aptas para a disputa eleitoral, que acontece na quarta-feira (7), \u00e0s 10hs, no Rio de Janeiro. Para serem oficializadas, as chapas compostas por H\u00e9lio Meirelles Cardoso e Robson Caetano; Paulo Wanderley e Marco La Porta; e Rafael Westrupp e Emanuel Rego passaram por duas checagens, uma documental e outra de integridade.\u00a0\u00a0<\/span><\/p>\n<p><span style=\"font-weight: 400;\">Al\u00e9m do presidente e do vice, a Assembleia Geral do COB tamb\u00e9m eleger\u00e1 os sete representantes de Entidades Nacionais de Administra\u00e7\u00e3o do Desporto (ENADs) que representem as modalidades integrantes dos programas ol\u00edmpicos de Ver\u00e3o e de Inverno e o membro independente que tomar\u00e3o assentos no Conselho de Administra\u00e7\u00e3o pelos pr\u00f3ximos quatro anos. Todos os 18 candidatos (lista no final do texto) passaram pela checagem do Comit\u00ea de Conformidade e est\u00e3o confrimados para a disputa.\u00a0<\/span><\/p>\n<p><span style=\"font-weight: 400;\">O Conselho de Administra\u00e7\u00e3o \u00e9 o respons\u00e1vel pela defini\u00e7\u00e3o da estrat\u00e9gia e pelas boas pr\u00e1ticas de governan\u00e7a dentro do COB. Como poder aut\u00f4nomo do COB, \u00e9 composto, al\u00e9m do membro independente, pelo presidente do COB; pelos membros brasileiros do COI; pelos presidente e pelo vice-presidente da Comiss\u00e3o de Atletas; e por sete presidentes das Entidades Nacionais de Administra\u00e7\u00e3o do Desporto filiadas ao COB.\u00a0<\/span><\/p>\n<p><span style=\"font-weight: 400;\">Atualmente, a Assembleia Geral do COB \u00e9 composta pelos 35 presidentes das Entidades Nacionais de Administra\u00e7\u00e3o do Desporto (ENADs) que representem as modalidades integrantes dos programas ol\u00edmpicos de Ver\u00e3o e Inverno; os dois membros brasileiros do Comit\u00ea Ol\u00edmpico Internacional \u2013 Andrew Parsons e Bernard Rajzman; e 12 representantes da Comiss\u00e3o de Atletas.\u00a0<\/span><\/p>\n<p><span style=\"font-weight: 400;\">Membro Independente do Conselho de Administra\u00e7\u00e3o &#8211; O representante deste cargo \u00e9 aquele que n\u00e3o mant\u00e9m ou manteve nos \u00faltimos dois anos qualquer v\u00ednculo econ\u00f4mico ou jur\u00eddico com entidades do Sistema Nacional do Desporto, bem como seus parentes, afins ou consangu\u00edneos, at\u00e9 o segundo grau.\u00a0\u00a0<\/span><\/p>\n<p><b>Os candidatos inscritos s\u00e3o:\u00a0<\/b><\/p>\n<p><span style=\"font-weight: 400;\">Adriana Sanches dos Santos<\/span><\/p>\n<p><span style=\"font-weight: 400;\">Georgios Stylianos Hatzidakis<\/span><\/p>\n<p><span style=\"font-weight: 400;\">Marcus Vinicius Sim\u00f5es de Freire<\/span><\/p>\n<p><span style=\"font-weight: 400;\">Maria Pia Buchheim<\/span><\/p>\n<p><span style=\"font-weight: 400;\">Ricardo Leyser Gon\u00e7alves<\/span><\/p>\n<p><span style=\"font-weight: 400;\">Rodney Rocha Miranda<\/span><\/p>\n<p><span style=\"font-weight: 400;\">Willian Miotto Nadir\u00a0<\/span><\/p>\n<p><b>Os presidentes de ENADs que concorrem aos sete assentos no Conselho de Administra\u00e7\u00e3o s\u00e3o:\u00a0\u00a0<\/b><\/p>\n<p><span style=\"font-weight: 400;\">Adalvo Argolo (Surf)<\/span><\/p>\n<p><span style=\"font-weight: 400;\">Alberto Cavalcanti Maciel Junior (Taekwondo)<\/span><\/p>\n<p><span style=\"font-weight: 400;\">Enrique Montero Dias (Levantamento de Pesos)<\/span><\/p>\n<p><span style=\"font-weight: 400;\">Ernesto Teixeira Pitanga (Triathlon)<\/span><\/p>\n<p><span style=\"font-weight: 400;\">Jo\u00e3o Tomasini Schwertner (Canoagem)<\/span><\/p>\n<p><span style=\"font-weight: 400;\">Jose Luiz Vasconcellos (Ciclismo)<\/span><\/p>\n<p><span style=\"font-weight: 400;\">Karl Anders Ivar Pettersson (Desportos na Neve)<\/span><\/p>\n<p><span style=\"font-weight: 400;\">Luiz Fernando Coelho de Oliveira (Desportos Aqu\u00e1ticos)<\/span><\/p>\n<p><span style=\"font-weight: 400;\">Matheus Figueiredo (Desportos no Gelo)<\/span><\/p>\n<p><span style=\"font-weight: 400;\">Raphael Nishimura (Escalada Esportiva)<\/span><\/p>\n<p><span style=\"font-weight: 400;\">Silvio Ac\u00e1cio Borges (Jud\u00f4)<\/span><\/p>\n<p><strong>Fonte:<\/strong> COB<\/p>\n","protected":false},"excerpt":{"rendered":"<p>As tr\u00eas chapas inscritas para as elei\u00e7\u00f5es \u00e0 presid\u00eancia do Comit\u00ea Ol\u00edmpico do Brasil (COB) foram aprovadas pelo Comit\u00ea de Conformidade da entidade e est\u00e3o aptas para a disputa eleitoral, que acontece na quarta-feira (7), \u00e0s 10hs, no Rio de Janeiro. Para serem oficializadas, as chapas compostas por H\u00e9lio Meirelles Cardoso e Robson Caetano; Paulo [&hellip;]<\/p>\n","protected":false},"author":96,"featured_media":169918,"comment_status":"closed","ping_status":"closed","sticky":false,"template":"","format":"standard","meta":{"footnotes":""},"categories":[436,257,439],"tags":[],"class_list":["post-169917","post","type-post","status-publish","format-standard","has-post-thumbnail","hentry","category-destaque-da-semana","category-esporte","category-ultima-hora"],"_links":{"self":[{"href":"https:\/\/diarioregionaldigital.com.br\/index.php?rest_route=\/wp\/v2\/posts\/169917","targetHints":{"allow":["GET"]}}],"collection":[{"href":"https:\/\/diarioregionaldigital.com.br\/index.php?rest_route=\/wp\/v2\/posts"}],"about":[{"href":"https:\/\/diarioregionaldigital.com.br\/index.php?rest_route=\/wp\/v2\/types\/post"}],"author":[{"embeddable":true,"href":"https:\/\/diarioregionaldigital.com.br\/index.php?rest_route=\/wp\/v2\/users\/96"}],"replies":[{"embeddable":true,"href":"https:\/\/diarioregionaldigital.com.br\/index.php?rest_route=%2Fwp%2Fv2%2Fcomments&post=169917"}],"version-history":[{"count":0,"href":"https:\/\/diarioregionaldigital.com.br\/index.php?rest_route=\/wp\/v2\/posts\/169917\/revisions"}],"wp:featuredmedia":[{"embeddable":true,"href":"https:\/\/diarioregionaldigital.com.br\/index.php?rest_route=\/wp\/v2\/media\/169918"}],"wp:attachment":[{"href":"https:\/\/diarioregionaldigital.com.br\/index.php?rest_route=%2Fwp%2Fv2%2Fmedia&parent=169917"}],"wp:term":[{"taxonomy":"category","embeddable":true,"href":"https:\/\/diarioregionaldigital.com.br\/index.php?rest_route=%2Fwp%2Fv2%2Fcategories&post=169917"},{"taxonomy":"post_tag","embeddable":true,"href":"https:\/\/diarioregionaldigital.com.br\/index.php?rest_route=%2Fwp%2Fv2%2Ftags&post=169917"}],"curies":[{"name":"wp","href":"https:\/\/api.w.org\/{rel}","templated":true}]}}