{"id":169914,"date":"2020-09-29T13:56:02","date_gmt":"2020-09-29T16:56:02","guid":{"rendered":"https:\/\/diarioregionaldigital.com.br\/?p=169914"},"modified":"2020-09-29T13:56:02","modified_gmt":"2020-09-29T16:56:02","slug":"acusado-de-ser-responsavel-por-morte-de-casal-em-2017-vai-a-juri-popular","status":"publish","type":"post","link":"https:\/\/diarioregionaldigital.com.br\/?p=169914","title":{"rendered":"Acusado de ser respons\u00e1vel por morte de casal em 2017 vai a j\u00fari popular"},"content":{"rendered":"<p><span style=\"font-weight: 400;\">Um jovem de 22 anos, suspeito de ser o respons\u00e1vel pelo assassinato do casal, Lu\u00edsa Lima Machado, 22 anos, e Caio S\u00e9rgio Gomes Marques, 24, vai a j\u00fari popular nesta ter\u00e7a-feira (29), em sess\u00e3o realizada no F\u00f3rum Benjamin Colucci em Juiz de Fora. Conforme o Tribunal do j\u00fari, o r\u00e9u come\u00e7ou a ser julgado \u00e0s 9h00.<\/span><\/p>\n<p><span style=\"font-weight: 400;\">A princ\u00edpio, o julgamento de Arthur de Castro Paes Brazil, seria realizado em novembro do \u00faltimo ano, por\u00e9m segundo seu advogado, ele estaria internado numa cl\u00ednica psiqui\u00e1trica. Na \u00e9poca, o juiz Paulo Trist\u00e3o, determinou que o r\u00e9u fosse submetido ao teste de insanidade mental.<\/span><\/p>\n<p><span style=\"font-weight: 400;\">No mesmo per\u00edodo, Higor Paulo da Silva, suspeito de efetuar os disparos contra o casal, foi condenado \u00e0 36 anos de pris\u00e3o em regime fechado. O juiz negou direito de liberdade ao autor do crime.\u00a0<\/span><\/p>\n<p><b>Relembre o caso<\/b><\/p>\n<p><span style=\"font-weight: 400;\">Caio S\u00e9rgio Gomes Marques e Lu\u00edsa Lima Machado foram encontrados mortos dentro de uma caminhonete, no Bairro Previdenci\u00e1rios (Regi\u00e3o Sul). Segundo informa\u00e7\u00f5es da Pol\u00edcia Civil de Minas Gerais (PCMG), o motivo do crime seria uma d\u00edvida do mandante do crime e tamb\u00e9m uma forma de acabar com a concorr\u00eancia.<\/span><\/p>\n<p><span style=\"font-weight: 400;\">A per\u00edcia constatou que as v\u00edtimas foram alvejadas na cabe\u00e7a e que o atirador estaria dentro dele. Durante a remo\u00e7\u00e3o dos corpos, foram encontrados tamb\u00e9m duas c\u00e1psulas de pistola calibre 45, sendo que uma delas estava no banco e a outra no assoalho do carona. A per\u00edcia encontrou ainda um bon\u00e9 vermelho.<\/span><\/p>\n<p><span style=\"font-weight: 400;\">De acordo com o inqu\u00e9rito policial, as v\u00edtimas foram atra\u00eddas para ao local do crime, numa emboscada planejada pelo pr\u00f3prio mandante, que queria comprar cerca de 200g de maxixe. No local o casal foi surpreendido pelos disparos.<\/span><\/p>\n","protected":false},"excerpt":{"rendered":"<p>Um jovem de 22 anos, suspeito de ser o respons\u00e1vel pelo assassinato do casal, Lu\u00edsa Lima Machado, 22 anos, e Caio S\u00e9rgio Gomes Marques, 24, vai a j\u00fari popular nesta ter\u00e7a-feira (29), em sess\u00e3o realizada no F\u00f3rum Benjamin Colucci em Juiz de Fora. Conforme o Tribunal do j\u00fari, o r\u00e9u come\u00e7ou a ser julgado \u00e0s [&hellip;]<\/p>\n","protected":false},"author":96,"featured_media":169915,"comment_status":"closed","ping_status":"closed","sticky":false,"template":"","format":"standard","meta":{"footnotes":""},"categories":[253,436,440,439],"tags":[],"class_list":["post-169914","post","type-post","status-publish","format-standard","has-post-thumbnail","hentry","category-cidade","category-destaque-da-semana","category-destaques-do-dia","category-ultima-hora"],"_links":{"self":[{"href":"https:\/\/diarioregionaldigital.com.br\/index.php?rest_route=\/wp\/v2\/posts\/169914","targetHints":{"allow":["GET"]}}],"collection":[{"href":"https:\/\/diarioregionaldigital.com.br\/index.php?rest_route=\/wp\/v2\/posts"}],"about":[{"href":"https:\/\/diarioregionaldigital.com.br\/index.php?rest_route=\/wp\/v2\/types\/post"}],"author":[{"embeddable":true,"href":"https:\/\/diarioregionaldigital.com.br\/index.php?rest_route=\/wp\/v2\/users\/96"}],"replies":[{"embeddable":true,"href":"https:\/\/diarioregionaldigital.com.br\/index.php?rest_route=%2Fwp%2Fv2%2Fcomments&post=169914"}],"version-history":[{"count":0,"href":"https:\/\/diarioregionaldigital.com.br\/index.php?rest_route=\/wp\/v2\/posts\/169914\/revisions"}],"wp:featuredmedia":[{"embeddable":true,"href":"https:\/\/diarioregionaldigital.com.br\/index.php?rest_route=\/wp\/v2\/media\/169915"}],"wp:attachment":[{"href":"https:\/\/diarioregionaldigital.com.br\/index.php?rest_route=%2Fwp%2Fv2%2Fmedia&parent=169914"}],"wp:term":[{"taxonomy":"category","embeddable":true,"href":"https:\/\/diarioregionaldigital.com.br\/index.php?rest_route=%2Fwp%2Fv2%2Fcategories&post=169914"},{"taxonomy":"post_tag","embeddable":true,"href":"https:\/\/diarioregionaldigital.com.br\/index.php?rest_route=%2Fwp%2Fv2%2Ftags&post=169914"}],"curies":[{"name":"wp","href":"https:\/\/api.w.org\/{rel}","templated":true}]}}