{"id":169912,"date":"2020-09-29T13:40:03","date_gmt":"2020-09-29T16:40:03","guid":{"rendered":"https:\/\/diarioregionaldigital.com.br\/?p=169912"},"modified":"2020-09-29T15:49:55","modified_gmt":"2020-09-29T18:49:55","slug":"jovem-fica-ferida-apos-reagir-a-assalto-no-bairro-jk","status":"publish","type":"post","link":"https:\/\/diarioregionaldigital.com.br\/?p=169912","title":{"rendered":"Jovem fica ferido ap\u00f3s reagir a assalto no Bairro JK"},"content":{"rendered":"<p>Um jovem de 24 anos, relatou \u00e0 Pol\u00edcia Militar (PM) que se deslocava pela Rua Natalino Jos\u00e9 de Paula, no Bairro JK (Regi\u00e3o Sudeste), quando foi abordado por tr\u00eas indiv\u00edduos, todos usando m\u00e1scara e capuz, estando um deles de posse de uma faca, que se aproximaram da v\u00edtima e anunciaram o assalto.<\/p>\n<p>A v\u00edtima resistiu entrando em luta corporal com os autores, sendo atingida nos antebra\u00e7os esquerdo e direito, no t\u00f3rax e na coxa esquerda, sendo encaminhada para a Upa Norte onde atendida pelo m\u00e9dico de plant\u00e3o, ficou em observa\u00e7\u00e3o sem risco de morte.<\/p>\n","protected":false},"excerpt":{"rendered":"<p>Um jovem de 24 anos, relatou \u00e0 Pol\u00edcia Militar (PM) que se deslocava pela Rua Natalino Jos\u00e9 de Paula, no Bairro JK (Regi\u00e3o Sudeste), quando foi abordado por tr\u00eas indiv\u00edduos, todos usando m\u00e1scara e capuz, estando um deles de posse de uma faca, que se aproximaram da v\u00edtima e anunciaram o assalto. A v\u00edtima resistiu [&hellip;]<\/p>\n","protected":false},"author":96,"featured_media":165308,"comment_status":"closed","ping_status":"closed","sticky":false,"template":"","format":"standard","meta":{"footnotes":""},"categories":[301,436,439],"tags":[],"class_list":["post-169912","post","type-post","status-publish","format-standard","has-post-thumbnail","hentry","category-artigos-policiais","category-destaque-da-semana","category-ultima-hora"],"_links":{"self":[{"href":"https:\/\/diarioregionaldigital.com.br\/index.php?rest_route=\/wp\/v2\/posts\/169912","targetHints":{"allow":["GET"]}}],"collection":[{"href":"https:\/\/diarioregionaldigital.com.br\/index.php?rest_route=\/wp\/v2\/posts"}],"about":[{"href":"https:\/\/diarioregionaldigital.com.br\/index.php?rest_route=\/wp\/v2\/types\/post"}],"author":[{"embeddable":true,"href":"https:\/\/diarioregionaldigital.com.br\/index.php?rest_route=\/wp\/v2\/users\/96"}],"replies":[{"embeddable":true,"href":"https:\/\/diarioregionaldigital.com.br\/index.php?rest_route=%2Fwp%2Fv2%2Fcomments&post=169912"}],"version-history":[{"count":0,"href":"https:\/\/diarioregionaldigital.com.br\/index.php?rest_route=\/wp\/v2\/posts\/169912\/revisions"}],"wp:featuredmedia":[{"embeddable":true,"href":"https:\/\/diarioregionaldigital.com.br\/index.php?rest_route=\/wp\/v2\/media\/165308"}],"wp:attachment":[{"href":"https:\/\/diarioregionaldigital.com.br\/index.php?rest_route=%2Fwp%2Fv2%2Fmedia&parent=169912"}],"wp:term":[{"taxonomy":"category","embeddable":true,"href":"https:\/\/diarioregionaldigital.com.br\/index.php?rest_route=%2Fwp%2Fv2%2Fcategories&post=169912"},{"taxonomy":"post_tag","embeddable":true,"href":"https:\/\/diarioregionaldigital.com.br\/index.php?rest_route=%2Fwp%2Fv2%2Ftags&post=169912"}],"curies":[{"name":"wp","href":"https:\/\/api.w.org\/{rel}","templated":true}]}}