{"id":169908,"date":"2020-09-29T12:09:32","date_gmt":"2020-09-29T15:09:32","guid":{"rendered":"https:\/\/diarioregionaldigital.com.br\/?p=169908"},"modified":"2020-09-29T15:57:13","modified_gmt":"2020-09-29T18:57:13","slug":"onibus-de-viagem-e-abordado-por-quatro-individuos-na-avenida-deusdedith-salgado","status":"publish","type":"post","link":"https:\/\/diarioregionaldigital.com.br\/?p=169908","title":{"rendered":"Quadrilha aborda \u00f4nibus na Avenida Deusdedith Salgado"},"content":{"rendered":"<p><span style=\"font-weight: 400;\">Na noite de segunda-feira (28), um \u00f4nibus de turismo, que levava passageiros com destino a S\u00e3o Paulo, foi abordado por uma quadrilha, na Avenida Deusdedith Salgado, no Bairro Salvaterra (Regi\u00e3o Sul).\u00a0 Ao adentrarem no \u00f4nibus, alguns dos autores ordenaram as mulheres a tirarem a roupa, para que os criminosos checassem se elas n\u00e3o escondiam algo de valor.<\/span><\/p>\n<p><span style=\"font-weight: 400;\">De acordo com o motorista, a abordagem ocorreu por volta das 20h, durante uma parada no local e que os suspeitos estacionaram um carro na frente do coletivo. Logo em seguida, um deles saiu com duas armas de fogo nas m\u00e3os e ordenou que abrisse a porta. O condutor chegou a ficar com uma arma sob a mira da cabe\u00e7a. Outros membros da quadrilha adentraram no ve\u00edculo e ordenaram que o motorista seguisse o carro.<\/span><\/p>\n<p><span style=\"font-weight: 400;\">As v\u00edtimas relataram \u00e0 Pol\u00edcia Militar (PM), que logo ap\u00f3s a abordagem, os suspeitos entraram no \u00f4nibus, roubaram todos os pertences existentes e fugiram logo em seguida no carro que utilizaram no ato.<\/span><\/p>\n<p><span style=\"font-weight: 400;\">Com posse de informa\u00e7\u00f5es, a Pol\u00edcia Rodovi\u00e1ria Estadual (PRE), foi notificada sobre o caso e realizou o cerco <\/span><span style=\"font-weight: 400;\">na rodovia LMG-874. <\/span><span style=\"font-weight: 400;\">Os suspeitos, conseguiram escapar da blitz. e pegaram acesso a Avenida Ant\u00f4nio Miranda no Bairro Vila Ideal (Regi\u00e3o Sudeste). O ve\u00edculo utilizado na fuga foi encontrado por dois militares de moto naquele ponto, entretanto o grupo fugiu a p\u00e9 e entraram em um matagal. Neste momento, um deles efetuou disparo contra um dos policiais, que revidaram com cinco tiros, mas ningu\u00e9m ficou ferido.<\/span><\/p>\n<p><span style=\"font-weight: 400;\">Ap\u00f3s intensa persegui\u00e7\u00e3o, os policiais tiveram \u00eaxito em interceptar os autores do crime. O primeiro foi o adolescente de 16 anos e o segundo foi seu comparsa, que escorregou e caiu dentro de um galinheiro. O outro suspeito foi pego no meio da mata e a mulher foi interceptada ap\u00f3s invadir uma resid\u00eancia.<\/span><\/p>\n<p><span style=\"font-weight: 400;\">\u00a0Ap\u00f3s buscas no ve\u00edculo, foram recuperados todos os materiais, incluindo a quantia de R$ 15.361,75. Apurou-se ainda que o autom\u00f3vel utilizado na fuga possui registro de furto no sistema integrado da pol\u00edcia.\u00a0<\/span><\/p>\n<p><span style=\"font-weight: 400;\">Ap\u00f3s contato com os passageiros, estes reconheceram os suspeitos e relatam que havia um quinto envolvido, portanto este n\u00e3o foi localizado e que a jovem de 22 anos seria a mandante do crime. Conforme a ocorr\u00eancia, 34 se declararam como v\u00edtimas do crime, entretanto haviam mais pessoas no \u00f4nibus.<\/span><\/p>\n<p><span style=\"font-weight: 400;\">Os autores, foram encaminhados \u00e0 presen\u00e7a da autoridade de pol\u00edcia judici\u00e1ria para as demais provid\u00eancias.<\/span><\/p>\n","protected":false},"excerpt":{"rendered":"<p>Na noite de segunda-feira (28), um \u00f4nibus de turismo, que levava passageiros com destino a S\u00e3o Paulo, foi abordado por uma quadrilha, na Avenida Deusdedith Salgado, no Bairro Salvaterra (Regi\u00e3o Sul).\u00a0 Ao adentrarem no \u00f4nibus, alguns dos autores ordenaram as mulheres a tirarem a roupa, para que os criminosos checassem se elas n\u00e3o escondiam algo [&hellip;]<\/p>\n","protected":false},"author":96,"featured_media":165308,"comment_status":"closed","ping_status":"closed","sticky":false,"template":"","format":"standard","meta":{"footnotes":""},"categories":[301,436,439],"tags":[],"class_list":["post-169908","post","type-post","status-publish","format-standard","has-post-thumbnail","hentry","category-artigos-policiais","category-destaque-da-semana","category-ultima-hora"],"_links":{"self":[{"href":"https:\/\/diarioregionaldigital.com.br\/index.php?rest_route=\/wp\/v2\/posts\/169908","targetHints":{"allow":["GET"]}}],"collection":[{"href":"https:\/\/diarioregionaldigital.com.br\/index.php?rest_route=\/wp\/v2\/posts"}],"about":[{"href":"https:\/\/diarioregionaldigital.com.br\/index.php?rest_route=\/wp\/v2\/types\/post"}],"author":[{"embeddable":true,"href":"https:\/\/diarioregionaldigital.com.br\/index.php?rest_route=\/wp\/v2\/users\/96"}],"replies":[{"embeddable":true,"href":"https:\/\/diarioregionaldigital.com.br\/index.php?rest_route=%2Fwp%2Fv2%2Fcomments&post=169908"}],"version-history":[{"count":0,"href":"https:\/\/diarioregionaldigital.com.br\/index.php?rest_route=\/wp\/v2\/posts\/169908\/revisions"}],"wp:featuredmedia":[{"embeddable":true,"href":"https:\/\/diarioregionaldigital.com.br\/index.php?rest_route=\/wp\/v2\/media\/165308"}],"wp:attachment":[{"href":"https:\/\/diarioregionaldigital.com.br\/index.php?rest_route=%2Fwp%2Fv2%2Fmedia&parent=169908"}],"wp:term":[{"taxonomy":"category","embeddable":true,"href":"https:\/\/diarioregionaldigital.com.br\/index.php?rest_route=%2Fwp%2Fv2%2Fcategories&post=169908"},{"taxonomy":"post_tag","embeddable":true,"href":"https:\/\/diarioregionaldigital.com.br\/index.php?rest_route=%2Fwp%2Fv2%2Ftags&post=169908"}],"curies":[{"name":"wp","href":"https:\/\/api.w.org\/{rel}","templated":true}]}}