{"id":169904,"date":"2020-09-29T11:22:49","date_gmt":"2020-09-29T14:22:49","guid":{"rendered":"https:\/\/diarioregionaldigital.com.br\/?p=169904"},"modified":"2020-09-29T11:22:49","modified_gmt":"2020-09-29T14:22:49","slug":"pm-apreende-drogas-em-operacao-no-jardim-natal","status":"publish","type":"post","link":"https:\/\/diarioregionaldigital.com.br\/?p=169904","title":{"rendered":"PM apreende drogas em opera\u00e7\u00e3o no Jardim Natal"},"content":{"rendered":"<p>Em opera\u00e7\u00e3o realizada no Bairro Jardim Natal (Regi\u00e3o Norte), a Pol\u00edcia Militar (PM). recebeu den\u00fancia sobre um adolescente, que tinha mandado de busca e apreens\u00e3o em aberto e que o mesmo estaria realizando tr\u00e1fico de drogas em sua resid\u00eancia. Com posse de informa\u00e7\u00f5es, os policiais foram at\u00e9 o endere\u00e7o do menor infrator e com apoio de demais equipes, realizaram cerco no im\u00f3vel.<\/p>\n<p>Os militares tiveram sua entrada autorizada e ap\u00f3s buscas na casa, foram localizados 27 pinos de coca\u00edna, 30 pedras de crack, 22 buchas de maconha e R$ 343,00 em dinheiro. Diante dos fatos, o menor infrator foi preso em flagrante e conduzido para a Delegacia, junto com os materiais apreendidos.<\/p>\n","protected":false},"excerpt":{"rendered":"<p>Em opera\u00e7\u00e3o realizada no Bairro Jardim Natal (Regi\u00e3o Norte), a Pol\u00edcia Militar (PM). recebeu den\u00fancia sobre um adolescente, que tinha mandado de busca e apreens\u00e3o em aberto e que o mesmo estaria realizando tr\u00e1fico de drogas em sua resid\u00eancia. Com posse de informa\u00e7\u00f5es, os policiais foram at\u00e9 o endere\u00e7o do menor infrator e com apoio [&hellip;]<\/p>\n","protected":false},"author":96,"featured_media":169905,"comment_status":"closed","ping_status":"closed","sticky":false,"template":"","format":"standard","meta":{"footnotes":""},"categories":[301,436,440,439],"tags":[],"class_list":["post-169904","post","type-post","status-publish","format-standard","has-post-thumbnail","hentry","category-artigos-policiais","category-destaque-da-semana","category-destaques-do-dia","category-ultima-hora"],"_links":{"self":[{"href":"https:\/\/diarioregionaldigital.com.br\/index.php?rest_route=\/wp\/v2\/posts\/169904","targetHints":{"allow":["GET"]}}],"collection":[{"href":"https:\/\/diarioregionaldigital.com.br\/index.php?rest_route=\/wp\/v2\/posts"}],"about":[{"href":"https:\/\/diarioregionaldigital.com.br\/index.php?rest_route=\/wp\/v2\/types\/post"}],"author":[{"embeddable":true,"href":"https:\/\/diarioregionaldigital.com.br\/index.php?rest_route=\/wp\/v2\/users\/96"}],"replies":[{"embeddable":true,"href":"https:\/\/diarioregionaldigital.com.br\/index.php?rest_route=%2Fwp%2Fv2%2Fcomments&post=169904"}],"version-history":[{"count":0,"href":"https:\/\/diarioregionaldigital.com.br\/index.php?rest_route=\/wp\/v2\/posts\/169904\/revisions"}],"wp:featuredmedia":[{"embeddable":true,"href":"https:\/\/diarioregionaldigital.com.br\/index.php?rest_route=\/wp\/v2\/media\/169905"}],"wp:attachment":[{"href":"https:\/\/diarioregionaldigital.com.br\/index.php?rest_route=%2Fwp%2Fv2%2Fmedia&parent=169904"}],"wp:term":[{"taxonomy":"category","embeddable":true,"href":"https:\/\/diarioregionaldigital.com.br\/index.php?rest_route=%2Fwp%2Fv2%2Fcategories&post=169904"},{"taxonomy":"post_tag","embeddable":true,"href":"https:\/\/diarioregionaldigital.com.br\/index.php?rest_route=%2Fwp%2Fv2%2Ftags&post=169904"}],"curies":[{"name":"wp","href":"https:\/\/api.w.org\/{rel}","templated":true}]}}