{"id":169901,"date":"2020-09-29T11:16:50","date_gmt":"2020-09-29T14:16:50","guid":{"rendered":"https:\/\/diarioregionaldigital.com.br\/?p=169901"},"modified":"2020-09-29T20:48:44","modified_gmt":"2020-09-29T23:48:44","slug":"corpo-de-bombeiros-segue-com-os-trabalhos-no-combate-ao-incendio-em-ibitipoca","status":"publish","type":"post","link":"https:\/\/diarioregionaldigital.com.br\/?p=169901","title":{"rendered":"Inc\u00eandio no Parque Estadual do Ibitipoca \u00e9 controlado pelos Bombeiros"},"content":{"rendered":"<p>Na noite desta ter\u00e7a-feira (29),o subcomandante do 4\u00b0 Batalh\u00e3o do Corpo de Bombeiros, major Leonardo Corr\u00eaa, informa que o inc\u00eandio que atingiu o Parque Estadual do Ibitipoca, no munic\u00edpio de Lima Duarte, foi controlado. Segundo novas informa\u00e7\u00f5es, ainda existem alguns focos na vegeta\u00e7\u00e3o ao redor do local. Conforme os Bombeiros, as guarni\u00e7\u00f5es presentes no parque, trabalhar\u00e3o para controlar as chamas.<\/p>\n<p>De acordo com os militares, durante a madrugada dessa ter\u00e7a-feira (29), <span style=\"font-weight: 400;\">foi extinto um grande foco que amea\u00e7ava a portaria do parque e posto de comando das opera\u00e7\u00f5es do combate. E na parte da manh\u00e3, foram lan\u00e7adas sete equipes de combate distintas. As mesmas foram auxiliadas <\/span><span style=\"font-weight: 400;\">com lan\u00e7amento de \u00e1gua pelo helic\u00f3ptero do Corpo de Bombeiros e por avi\u00e3o air tractor, que jogam grande quantidade de \u00e1gua em \u00e1reas queimadas.<\/span><\/p>\n<p>Por conta da situa\u00e7\u00e3o, o Parque Estadual do Ibitipoca permanece fechado e at\u00e9 ent\u00e3o, sem data prevista para reabertura.<\/p>\n<p>&nbsp;<\/p>\n<div style=\"width: 480px;\" class=\"wp-video\"><!--[if lt IE 9]><script>document.createElement('video');<\/script><![endif]-->\n<video class=\"wp-video-shortcode\" id=\"video-169901-1\" width=\"480\" height=\"848\" preload=\"metadata\" controls=\"controls\"><source type=\"video\/mp4\" src=\"https:\/\/diarioregionaldigital.com.br\/wp-content\/uploads\/2020\/09\/dfb5b0dd-f5aa-4d01-9957-3dda705f79ce.mp4?_=1\" \/><a href=\"https:\/\/diarioregionaldigital.com.br\/wp-content\/uploads\/2020\/09\/dfb5b0dd-f5aa-4d01-9957-3dda705f79ce.mp4\">https:\/\/diarioregionaldigital.com.br\/wp-content\/uploads\/2020\/09\/dfb5b0dd-f5aa-4d01-9957-3dda705f79ce.mp4<\/a><\/video><\/div>\n<div style=\"width: 480px;\" class=\"wp-video\"><video class=\"wp-video-shortcode\" id=\"video-169901-2\" width=\"480\" height=\"848\" preload=\"metadata\" controls=\"controls\"><source type=\"video\/mp4\" src=\"https:\/\/diarioregionaldigital.com.br\/wp-content\/uploads\/2020\/09\/96de7320-c9e3-494e-b932-68ea34c64486.mp4?_=2\" \/><a href=\"https:\/\/diarioregionaldigital.com.br\/wp-content\/uploads\/2020\/09\/96de7320-c9e3-494e-b932-68ea34c64486.mp4\">https:\/\/diarioregionaldigital.com.br\/wp-content\/uploads\/2020\/09\/96de7320-c9e3-494e-b932-68ea34c64486.mp4<\/a><\/video><\/div>\n<p>&nbsp;<\/p>\n","protected":false},"excerpt":{"rendered":"<p>Na noite desta ter\u00e7a-feira (29),o subcomandante do 4\u00b0 Batalh\u00e3o do Corpo de Bombeiros, major Leonardo Corr\u00eaa, informa que o inc\u00eandio que atingiu o Parque Estadual do Ibitipoca, no munic\u00edpio de Lima Duarte, foi controlado. Segundo novas informa\u00e7\u00f5es, ainda existem alguns focos na vegeta\u00e7\u00e3o ao redor do local. Conforme os Bombeiros, as guarni\u00e7\u00f5es presentes no parque, [&hellip;]<\/p>\n","protected":false},"author":96,"featured_media":169969,"comment_status":"closed","ping_status":"closed","sticky":false,"template":"","format":"standard","meta":{"footnotes":""},"categories":[436,440,252,439],"tags":[],"class_list":["post-169901","post","type-post","status-publish","format-standard","has-post-thumbnail","hentry","category-destaque-da-semana","category-destaques-do-dia","category-regiao","category-ultima-hora"],"_links":{"self":[{"href":"https:\/\/diarioregionaldigital.com.br\/index.php?rest_route=\/wp\/v2\/posts\/169901","targetHints":{"allow":["GET"]}}],"collection":[{"href":"https:\/\/diarioregionaldigital.com.br\/index.php?rest_route=\/wp\/v2\/posts"}],"about":[{"href":"https:\/\/diarioregionaldigital.com.br\/index.php?rest_route=\/wp\/v2\/types\/post"}],"author":[{"embeddable":true,"href":"https:\/\/diarioregionaldigital.com.br\/index.php?rest_route=\/wp\/v2\/users\/96"}],"replies":[{"embeddable":true,"href":"https:\/\/diarioregionaldigital.com.br\/index.php?rest_route=%2Fwp%2Fv2%2Fcomments&post=169901"}],"version-history":[{"count":0,"href":"https:\/\/diarioregionaldigital.com.br\/index.php?rest_route=\/wp\/v2\/posts\/169901\/revisions"}],"wp:featuredmedia":[{"embeddable":true,"href":"https:\/\/diarioregionaldigital.com.br\/index.php?rest_route=\/wp\/v2\/media\/169969"}],"wp:attachment":[{"href":"https:\/\/diarioregionaldigital.com.br\/index.php?rest_route=%2Fwp%2Fv2%2Fmedia&parent=169901"}],"wp:term":[{"taxonomy":"category","embeddable":true,"href":"https:\/\/diarioregionaldigital.com.br\/index.php?rest_route=%2Fwp%2Fv2%2Fcategories&post=169901"},{"taxonomy":"post_tag","embeddable":true,"href":"https:\/\/diarioregionaldigital.com.br\/index.php?rest_route=%2Fwp%2Fv2%2Ftags&post=169901"}],"curies":[{"name":"wp","href":"https:\/\/api.w.org\/{rel}","templated":true}]}}