{"id":169888,"date":"2020-09-29T10:41:11","date_gmt":"2020-09-29T13:41:11","guid":{"rendered":"https:\/\/diarioregionaldigital.com.br\/?p=169888"},"modified":"2020-09-29T10:41:11","modified_gmt":"2020-09-29T13:41:11","slug":"estado-divulga-relato-de-sobreviventes-da-covid-19-em-minas","status":"publish","type":"post","link":"https:\/\/diarioregionaldigital.com.br\/?p=169888","title":{"rendered":"Estado divulga relato de sobreviventes da covid-19 em Minas"},"content":{"rendered":"<p><span style=\"font-weight: 400;\">Na guerra invis\u00edvel contra o coronav\u00edrus, os sobreviventes t\u00eam muito a contar. Sintomas, medos, ang\u00fastia, assist\u00eancia, f\u00e9 e gratid\u00e3o por ter sobrevivido \u00e0 covid-19 est\u00e3o nas hist\u00f3rias de cada pessoa que se recuperou da doen\u00e7a.\u00a0 De Norte a Sul, Leste a Oeste de Minas Gerais, h\u00e1 guerreiros dispostos a compartilhar sua viv\u00eancia e contribuir para o combate ao v\u00edrus no estado.<\/span><\/p>\n<p><span style=\"font-weight: 400;\">Para somar for\u00e7as nessa guerra que ainda n\u00e3o acabou, o Governo de Minas convidou esses sobreviventes para contar suas experi\u00eancias. Desse trabalho, que demandou dois meses de apura\u00e7\u00e3o, em meio a relatos e escutas com aux\u00edlio das macrorregionais estaduais e assessorias de unidades de Sa\u00fade da capital e interior, nasceu o projeto #Sobrevivemosmg: um hotsite da Secretaria de Estado de Sa\u00fade (SES-MG) com relatos emocionantes de pessoas que sobreviveram \u00e0 doen\u00e7a.<\/span><\/p>\n<p><span style=\"font-weight: 400;\">\u201cAs hist\u00f3rias por tr\u00e1s dos n\u00fameros nos ajudam a enfrentar essa guerra invis\u00edvel com esperan\u00e7a e atentos aos cuidados que devem continuar, ainda que os indicadores apontem para a possibilidade de queda na transmiss\u00e3o do v\u00edrus em Minas\u201d, comenta o secret\u00e1rio de Estado de Sa\u00fade, Carlos Eduardo Amaral, para quem o projeto \u00e9 visto como mais uma importante ferramenta de comunica\u00e7\u00e3o no enfrentamento da covid-19 em Minas.<\/span><\/p>\n<p><b>Nas redes sociais<\/b><\/p>\n<p><span style=\"font-weight: 400;\">A plataforma, lan\u00e7ada nesta ter\u00e7a-feira (29\/9) e divulgada nas redes sociais da SES e do governo, conta com textos e v\u00eddeos feitos pelos pr\u00f3prios sobreviventes, al\u00e9m de entrevistas de especialistas sobre as sequelas que o coronav\u00edrus pode causar. O objetivo \u00e9 que, a cada semana, dois relatos em v\u00eddeo de sobreviventes da covid-19 sejam divulgados nas redes sociais e na p\u00e1gina do projeto.<\/span><\/p>\n<p><span style=\"font-weight: 400;\">As hist\u00f3rias s\u00e3o compartilhadas com os mineiros no momento em que Minas Gerais j\u00e1 soma mais de 200 mil recuperados da enfermidade e indicadores apontam para possibilidade de queda na transmiss\u00e3o da doen\u00e7a.\u00a0 Com sintomas leves ou graves, os entrevistados relembram os dias de ang\u00fastia, os medos, a f\u00e9 e a assist\u00eancia que receberam nas unidades de terapia do Sistema \u00danico de Sa\u00fade (SUS-MG) e na rede privada, o carinho de enfermeiros, de t\u00e9cnicos de Enfermagem e de m\u00e9dicos.<\/span><\/p>\n<p><span style=\"font-weight: 400;\">S\u00e3o pessoas que receberam alta sob aplausos de profissionais da Sa\u00fade ou que em casa conseguiram resistir \u00e0 doen\u00e7a. Alguns ficaram com sequelas, emocional ou f\u00edsica, mas agradecem a todo momento por estarem vivos para poder contar essa hist\u00f3ria e se juntar ao Governo de Minas na luta contra o v\u00edrus.<\/span><\/p>\n<p><b>Para participar<\/b><\/p>\n<p><span style=\"font-weight: 400;\">Para aumentar essa rede, o projeto #Sobrevivemosmg convida interessados em compartilhar sua hist\u00f3ria a mandar, pelo e-mail jornalismo@saude.mg.gov.br, relatos em v\u00eddeos para serem divulgados no hotsite e redes sociais da SES-MG.<\/span><\/p>\n<p><b>Orienta\u00e7\u00f5es<\/b><\/p>\n<p><span style=\"font-weight: 400;\">&#8211; Grave o v\u00eddeo com o seu relato com o celular na horizontal (deitado);<\/span><\/p>\n<p><span style=\"font-weight: 400;\">&#8211; A dist\u00e2ncia entre o celular e a pessoa filmada dever\u00e1 ser de um bra\u00e7o esticado;<\/span><\/p>\n<p><span style=\"font-weight: 400;\">&#8211; A imagem deve ser gravada da cintura para cima;<\/span><\/p>\n<p><span style=\"font-weight: 400;\">&#8211; Procure lugares silenciosos para uma melhor qualidade do \u00e1udio;<\/span><\/p>\n<p><span style=\"font-weight: 400;\">&#8211; Antes de gravar, desligue a internet do celular ou coloque no modo n\u00e3o perturbe para que mensagens n\u00e3o interrompam a filmagem;<\/span><\/p>\n<p><span style=\"font-weight: 400;\">&#8211; Procure lugares iluminados, mas fique atento para o posicionamento correto da c\u00e2mera: a luz deve estar de frente para a pessoa filmada;<\/span><\/p>\n<p><span style=\"font-weight: 400;\">&#8211; Seja objetivo em seu relato. O v\u00eddeo n\u00e3o pode ultrapassar 3 minutos de dura\u00e7\u00e3o;<\/span><\/p>\n<p><span style=\"font-weight: 400;\">&#8211; O v\u00eddeo poder\u00e1 ser enviado por e-mail. Qualquer d\u00favida, ligue para:(31) 3916-0617 ou 3916-0616.<\/span><\/p>\n<p><strong>Fonte:<\/strong> Ag\u00eancia Minas<\/p>\n","protected":false},"excerpt":{"rendered":"<p>Na guerra invis\u00edvel contra o coronav\u00edrus, os sobreviventes t\u00eam muito a contar. Sintomas, medos, ang\u00fastia, assist\u00eancia, f\u00e9 e gratid\u00e3o por ter sobrevivido \u00e0 covid-19 est\u00e3o nas hist\u00f3rias de cada pessoa que se recuperou da doen\u00e7a.\u00a0 De Norte a Sul, Leste a Oeste de Minas Gerais, h\u00e1 guerreiros dispostos a compartilhar sua viv\u00eancia e contribuir para [&hellip;]<\/p>\n","protected":false},"author":96,"featured_media":169889,"comment_status":"closed","ping_status":"closed","sticky":false,"template":"","format":"standard","meta":{"footnotes":""},"categories":[436,440,254,439],"tags":[],"class_list":["post-169888","post","type-post","status-publish","format-standard","has-post-thumbnail","hentry","category-destaque-da-semana","category-destaques-do-dia","category-politica","category-ultima-hora"],"_links":{"self":[{"href":"https:\/\/diarioregionaldigital.com.br\/index.php?rest_route=\/wp\/v2\/posts\/169888","targetHints":{"allow":["GET"]}}],"collection":[{"href":"https:\/\/diarioregionaldigital.com.br\/index.php?rest_route=\/wp\/v2\/posts"}],"about":[{"href":"https:\/\/diarioregionaldigital.com.br\/index.php?rest_route=\/wp\/v2\/types\/post"}],"author":[{"embeddable":true,"href":"https:\/\/diarioregionaldigital.com.br\/index.php?rest_route=\/wp\/v2\/users\/96"}],"replies":[{"embeddable":true,"href":"https:\/\/diarioregionaldigital.com.br\/index.php?rest_route=%2Fwp%2Fv2%2Fcomments&post=169888"}],"version-history":[{"count":0,"href":"https:\/\/diarioregionaldigital.com.br\/index.php?rest_route=\/wp\/v2\/posts\/169888\/revisions"}],"wp:featuredmedia":[{"embeddable":true,"href":"https:\/\/diarioregionaldigital.com.br\/index.php?rest_route=\/wp\/v2\/media\/169889"}],"wp:attachment":[{"href":"https:\/\/diarioregionaldigital.com.br\/index.php?rest_route=%2Fwp%2Fv2%2Fmedia&parent=169888"}],"wp:term":[{"taxonomy":"category","embeddable":true,"href":"https:\/\/diarioregionaldigital.com.br\/index.php?rest_route=%2Fwp%2Fv2%2Fcategories&post=169888"},{"taxonomy":"post_tag","embeddable":true,"href":"https:\/\/diarioregionaldigital.com.br\/index.php?rest_route=%2Fwp%2Fv2%2Ftags&post=169888"}],"curies":[{"name":"wp","href":"https:\/\/api.w.org\/{rel}","templated":true}]}}