{"id":169881,"date":"2020-09-29T06:00:24","date_gmt":"2020-09-29T09:00:24","guid":{"rendered":"https:\/\/diarioregionaldigital.com.br\/?p=169881"},"modified":"2020-09-29T01:48:02","modified_gmt":"2020-09-29T04:48:02","slug":"prefeitura-municipal-de-descoberto-cont-no42-29-09-2020","status":"publish","type":"post","link":"https:\/\/diarioregionaldigital.com.br\/?p=169881","title":{"rendered":"Prefeitura Municipal de Descoberto &#8211; Cont n\u00ba42 &#8211; 29\/09\/2020"},"content":{"rendered":"<p style=\"text-align: center;\"><strong>EXTRATO DE CONTRATO<\/strong><\/p>\n<p style=\"text-align: center;\">Pref. Municipal de Descoberto x Ronaldo Jos\u00e9 Ferreira Gomes-ME \u00a0&#8211; Objeto: Fornecimento de cestas b\u00e1sica para doa\u00e7\u00e3o- Fundamento: Preg\u00e3o n\u00ba 015\/2020 \u2013 Valor Global: 15.900,00 \u2013 Vig\u00eancia: 12 meses &#8211; Dot or\u00e7: 02.02008.08.244.0012.236-339032\/100 &#8211; Ass: 29\/09\/2020 \u00a0&#8211; Foro: S\u00e3o Jo\u00e3o Nepomuceno\/MG.<\/p>\n<p style=\"text-align: center;\"><strong>Marcos de Ara\u00fajo Lima<\/strong><\/p>\n<p style=\"text-align: center;\"><strong>Prefeito Municipal<\/strong><\/p>\n","protected":false},"excerpt":{"rendered":"<p>EXTRATO DE CONTRATO Pref. Municipal de Descoberto x Ronaldo Jos\u00e9 Ferreira Gomes-ME \u00a0&#8211; Objeto: Fornecimento de cestas b\u00e1sica para doa\u00e7\u00e3o- Fundamento: Preg\u00e3o n\u00ba 015\/2020 \u2013 Valor Global: 15.900,00 \u2013 Vig\u00eancia: 12 meses &#8211; Dot or\u00e7: 02.02008.08.244.0012.236-339032\/100 &#8211; Ass: 29\/09\/2020 \u00a0&#8211; Foro: S\u00e3o Jo\u00e3o Nepomuceno\/MG. Marcos de Ara\u00fajo Lima Prefeito Municipal<\/p>\n","protected":false},"author":96,"featured_media":0,"comment_status":"closed","ping_status":"closed","sticky":false,"template":"","format":"standard","meta":{"footnotes":""},"categories":[307],"tags":[],"class_list":["post-169881","post","type-post","status-publish","format-standard","hentry","category-editais"],"_links":{"self":[{"href":"https:\/\/diarioregionaldigital.com.br\/index.php?rest_route=\/wp\/v2\/posts\/169881","targetHints":{"allow":["GET"]}}],"collection":[{"href":"https:\/\/diarioregionaldigital.com.br\/index.php?rest_route=\/wp\/v2\/posts"}],"about":[{"href":"https:\/\/diarioregionaldigital.com.br\/index.php?rest_route=\/wp\/v2\/types\/post"}],"author":[{"embeddable":true,"href":"https:\/\/diarioregionaldigital.com.br\/index.php?rest_route=\/wp\/v2\/users\/96"}],"replies":[{"embeddable":true,"href":"https:\/\/diarioregionaldigital.com.br\/index.php?rest_route=%2Fwp%2Fv2%2Fcomments&post=169881"}],"version-history":[{"count":0,"href":"https:\/\/diarioregionaldigital.com.br\/index.php?rest_route=\/wp\/v2\/posts\/169881\/revisions"}],"wp:attachment":[{"href":"https:\/\/diarioregionaldigital.com.br\/index.php?rest_route=%2Fwp%2Fv2%2Fmedia&parent=169881"}],"wp:term":[{"taxonomy":"category","embeddable":true,"href":"https:\/\/diarioregionaldigital.com.br\/index.php?rest_route=%2Fwp%2Fv2%2Fcategories&post=169881"},{"taxonomy":"post_tag","embeddable":true,"href":"https:\/\/diarioregionaldigital.com.br\/index.php?rest_route=%2Fwp%2Fv2%2Ftags&post=169881"}],"curies":[{"name":"wp","href":"https:\/\/api.w.org\/{rel}","templated":true}]}}