{"id":169875,"date":"2020-09-29T06:00:59","date_gmt":"2020-09-29T09:00:59","guid":{"rendered":"https:\/\/diarioregionaldigital.com.br\/?p=169875"},"modified":"2020-09-29T01:39:45","modified_gmt":"2020-09-29T04:39:45","slug":"mesa-farta","status":"publish","type":"post","link":"https:\/\/diarioregionaldigital.com.br\/?p=169875","title":{"rendered":"Mesa Farta"},"content":{"rendered":"<p style=\"text-align: center;\"><strong>Quadro de Aviso<\/strong><\/p>\n<p style=\"text-align: center;\">Direto do boletim interno da Policia Militar publicamos \u00e0 nomea\u00e7\u00e3o do coronel PM Neir Adriano para o comando da Quarta Regi\u00e3o de Pol\u00edcia Militar de Minas Gerais. Ele assumiu a vaga do coronel Luciano Vivas, que est\u00e1 indo para a reserva. Neir Adriano \u00e9 natural de Juiz de Fora j\u00e1 comandou com compet\u00eancia a Companhia de Miss\u00f5es.<\/p>\n<p style=\"text-align: center;\"><strong>Confabulando<\/strong><\/p>\n<p style=\"text-align: center;\">Causou impacto a live com o tema \u201cBiblioteca digital de livros raros\u201d magistralmente ministrado pela bibliotec\u00e1ria da UFMG, J\u00falia Rocha Ribeiro, no YouTube. A palestra teve participa\u00e7\u00e3o de Frederico Lopes da equipe de Memorial da Rep\u00fablica Presidente Itamar Franco. O foco fez parte da programa\u00e7\u00e3o da 14\u00aa Primavera dos Museus, do MAMM.<\/p>\n<p style=\"text-align: center;\"><span style=\"font-size: 14pt;\"><strong>Mesa Farta<\/strong><\/span><\/p>\n<p style=\"text-align: center;\">Muito chique Isabella Vieira retornou da Irlanda e recebeu este colunista para jantar na cobertura da rua Pasteur. Tudo come\u00e7ou com um mil folhas de camar\u00e3o com pupunha, tucupi preto e botarga, fil\u00e9 de peixe grelhado com pur\u00ea de batata baroa e salada de legumes e terminou com doces mineiros com queijo. Teve lembrancinha de Cosme e Dami\u00e3o e frisante bem gelado.<\/p>\n<div id=\"attachment_169865\" style=\"width: 690px\" class=\"wp-caption aligncenter\"><img loading=\"lazy\" decoding=\"async\" aria-describedby=\"caption-attachment-169865\" class=\"wp-image-169865\" src=\"https:\/\/diarioregionaldigital.com.br\/wp-content\/uploads\/2020\/09\/fotoaa-2.jpg\" alt=\"\" width=\"680\" height=\"464\" srcset=\"https:\/\/diarioregionaldigital.com.br\/wp-content\/uploads\/2020\/09\/fotoaa-2.jpg 2240w, https:\/\/diarioregionaldigital.com.br\/wp-content\/uploads\/2020\/09\/fotoaa-2-300x205.jpg 300w, https:\/\/diarioregionaldigital.com.br\/wp-content\/uploads\/2020\/09\/fotoaa-2-1024x699.jpg 1024w, https:\/\/diarioregionaldigital.com.br\/wp-content\/uploads\/2020\/09\/fotoaa-2-768x524.jpg 768w, https:\/\/diarioregionaldigital.com.br\/wp-content\/uploads\/2020\/09\/fotoaa-2-1536x1048.jpg 1536w, https:\/\/diarioregionaldigital.com.br\/wp-content\/uploads\/2020\/09\/fotoaa-2-2048x1397.jpg 2048w, https:\/\/diarioregionaldigital.com.br\/wp-content\/uploads\/2020\/09\/fotoaa-2-360x246.jpg 360w\" sizes=\"auto, (max-width: 680px) 100vw, 680px\" \/><p id=\"caption-attachment-169865\" class=\"wp-caption-text\">Eduardo Gomes e a aniversariante de destaque da semana, a presidente do Grupo SIRCOM, Jane Arag\u00e3o<\/p><\/div>\n<div id=\"attachment_169866\" style=\"width: 690px\" class=\"wp-caption aligncenter\"><img loading=\"lazy\" decoding=\"async\" aria-describedby=\"caption-attachment-169866\" class=\"wp-image-169866\" src=\"https:\/\/diarioregionaldigital.com.br\/wp-content\/uploads\/2020\/09\/fotob-7-e1601350722856.jpeg\" alt=\"\" width=\"680\" height=\"490\" srcset=\"https:\/\/diarioregionaldigital.com.br\/wp-content\/uploads\/2020\/09\/fotob-7-e1601350722856.jpeg 825w, https:\/\/diarioregionaldigital.com.br\/wp-content\/uploads\/2020\/09\/fotob-7-e1601350722856-300x216.jpeg 300w, https:\/\/diarioregionaldigital.com.br\/wp-content\/uploads\/2020\/09\/fotob-7-e1601350722856-768x554.jpeg 768w, https:\/\/diarioregionaldigital.com.br\/wp-content\/uploads\/2020\/09\/fotob-7-e1601350722856-360x260.jpeg 360w\" sizes=\"auto, (max-width: 680px) 100vw, 680px\" \/><p id=\"caption-attachment-169866\" class=\"wp-caption-text\">Abrindo a primavera desta coluna, a bela Rachel Ribeiro<\/p><\/div>\n<div id=\"attachment_169867\" style=\"width: 690px\" class=\"wp-caption aligncenter\"><img loading=\"lazy\" decoding=\"async\" aria-describedby=\"caption-attachment-169867\" class=\"wp-image-169867\" src=\"https:\/\/diarioregionaldigital.com.br\/wp-content\/uploads\/2020\/09\/fotoc-8-e1601353243341.jpg\" alt=\"\" width=\"680\" height=\"499\" srcset=\"https:\/\/diarioregionaldigital.com.br\/wp-content\/uploads\/2020\/09\/fotoc-8-e1601353243341.jpg 1435w, https:\/\/diarioregionaldigital.com.br\/wp-content\/uploads\/2020\/09\/fotoc-8-e1601353243341-300x220.jpg 300w, https:\/\/diarioregionaldigital.com.br\/wp-content\/uploads\/2020\/09\/fotoc-8-e1601353243341-1024x751.jpg 1024w, https:\/\/diarioregionaldigital.com.br\/wp-content\/uploads\/2020\/09\/fotoc-8-e1601353243341-768x564.jpg 768w, https:\/\/diarioregionaldigital.com.br\/wp-content\/uploads\/2020\/09\/fotoc-8-e1601353243341-360x264.jpg 360w\" sizes=\"auto, (max-width: 680px) 100vw, 680px\" \/><p id=\"caption-attachment-169867\" class=\"wp-caption-text\">Um close no saud\u00e1vel personal, Lucio Reis<\/p><\/div>\n<div id=\"attachment_169868\" style=\"width: 690px\" class=\"wp-caption aligncenter\"><img loading=\"lazy\" decoding=\"async\" aria-describedby=\"caption-attachment-169868\" class=\"wp-image-169868\" src=\"https:\/\/diarioregionaldigital.com.br\/wp-content\/uploads\/2020\/09\/fotod-15-e1601350871531.jpg\" alt=\"\" width=\"680\" height=\"510\" srcset=\"https:\/\/diarioregionaldigital.com.br\/wp-content\/uploads\/2020\/09\/fotod-15-e1601350871531.jpg 958w, https:\/\/diarioregionaldigital.com.br\/wp-content\/uploads\/2020\/09\/fotod-15-e1601350871531-300x225.jpg 300w, https:\/\/diarioregionaldigital.com.br\/wp-content\/uploads\/2020\/09\/fotod-15-e1601350871531-768x576.jpg 768w, https:\/\/diarioregionaldigital.com.br\/wp-content\/uploads\/2020\/09\/fotod-15-e1601350871531-360x270.jpg 360w\" sizes=\"auto, (max-width: 680px) 100vw, 680px\" \/><p id=\"caption-attachment-169868\" class=\"wp-caption-text\">Formando lindo casal: Pedro Henrique e Vit\u00f3ria Caracci<\/p><\/div>\n<div id=\"attachment_169869\" style=\"width: 690px\" class=\"wp-caption aligncenter\"><img loading=\"lazy\" decoding=\"async\" aria-describedby=\"caption-attachment-169869\" class=\"wp-image-169869\" src=\"https:\/\/diarioregionaldigital.com.br\/wp-content\/uploads\/2020\/09\/fotoe-18-e1601350915457.jpg\" alt=\"\" width=\"680\" height=\"501\" srcset=\"https:\/\/diarioregionaldigital.com.br\/wp-content\/uploads\/2020\/09\/fotoe-18-e1601350915457.jpg 717w, https:\/\/diarioregionaldigital.com.br\/wp-content\/uploads\/2020\/09\/fotoe-18-e1601350915457-300x221.jpg 300w, https:\/\/diarioregionaldigital.com.br\/wp-content\/uploads\/2020\/09\/fotoe-18-e1601350915457-360x265.jpg 360w\" sizes=\"auto, (max-width: 680px) 100vw, 680px\" \/><p id=\"caption-attachment-169869\" class=\"wp-caption-text\">Em cena social, os queridos Ana Paula Silveira e Bruno Pereira<\/p><\/div>\n<div id=\"attachment_169870\" style=\"width: 690px\" class=\"wp-caption aligncenter\"><img loading=\"lazy\" decoding=\"async\" aria-describedby=\"caption-attachment-169870\" class=\"wp-image-169870\" src=\"https:\/\/diarioregionaldigital.com.br\/wp-content\/uploads\/2020\/09\/fotof-15-e1601351021399.jpg\" alt=\"\" width=\"680\" height=\"506\" srcset=\"https:\/\/diarioregionaldigital.com.br\/wp-content\/uploads\/2020\/09\/fotof-15-e1601351021399.jpg 1066w, https:\/\/diarioregionaldigital.com.br\/wp-content\/uploads\/2020\/09\/fotof-15-e1601351021399-300x223.jpg 300w, https:\/\/diarioregionaldigital.com.br\/wp-content\/uploads\/2020\/09\/fotof-15-e1601351021399-1024x762.jpg 1024w, https:\/\/diarioregionaldigital.com.br\/wp-content\/uploads\/2020\/09\/fotof-15-e1601351021399-768x571.jpg 768w, https:\/\/diarioregionaldigital.com.br\/wp-content\/uploads\/2020\/09\/fotof-15-e1601351021399-360x268.jpg 360w\" sizes=\"auto, (max-width: 680px) 100vw, 680px\" \/><p id=\"caption-attachment-169870\" class=\"wp-caption-text\">Mulheres telep\u00e1ticas e antenadas: Eliane Mattos e Guendalina Celso Soares<\/p><\/div>\n<div id=\"attachment_169873\" style=\"width: 690px\" class=\"wp-caption aligncenter\"><img loading=\"lazy\" decoding=\"async\" aria-describedby=\"caption-attachment-169873\" class=\"wp-image-169873\" src=\"https:\/\/diarioregionaldigital.com.br\/wp-content\/uploads\/2020\/09\/fotoi-11-e1601351457122.jpg\" alt=\"\" width=\"680\" height=\"525\" srcset=\"https:\/\/diarioregionaldigital.com.br\/wp-content\/uploads\/2020\/09\/fotoi-11-e1601351457122.jpg 563w, https:\/\/diarioregionaldigital.com.br\/wp-content\/uploads\/2020\/09\/fotoi-11-e1601351457122-300x232.jpg 300w, https:\/\/diarioregionaldigital.com.br\/wp-content\/uploads\/2020\/09\/fotoi-11-e1601351457122-360x278.jpg 360w\" sizes=\"auto, (max-width: 680px) 100vw, 680px\" \/><p id=\"caption-attachment-169873\" class=\"wp-caption-text\">O charme do jornalista Eduardo Saleme em close certo para esta p\u00e1gina social<\/p><\/div>\n<div id=\"attachment_169874\" style=\"width: 690px\" class=\"wp-caption aligncenter\"><img loading=\"lazy\" decoding=\"async\" aria-describedby=\"caption-attachment-169874\" class=\"wp-image-169874\" src=\"https:\/\/diarioregionaldigital.com.br\/wp-content\/uploads\/2020\/09\/fotoaa-9-e1601351485450.jpeg\" alt=\"\" width=\"680\" height=\"485\" srcset=\"https:\/\/diarioregionaldigital.com.br\/wp-content\/uploads\/2020\/09\/fotoaa-9-e1601351485450.jpeg 1139w, https:\/\/diarioregionaldigital.com.br\/wp-content\/uploads\/2020\/09\/fotoaa-9-e1601351485450-300x214.jpeg 300w, https:\/\/diarioregionaldigital.com.br\/wp-content\/uploads\/2020\/09\/fotoaa-9-e1601351485450-1024x730.jpeg 1024w, https:\/\/diarioregionaldigital.com.br\/wp-content\/uploads\/2020\/09\/fotoaa-9-e1601351485450-768x548.jpeg 768w, https:\/\/diarioregionaldigital.com.br\/wp-content\/uploads\/2020\/09\/fotoaa-9-e1601351485450-360x257.jpeg 360w, https:\/\/diarioregionaldigital.com.br\/wp-content\/uploads\/2020\/09\/fotoaa-9-e1601351485450-100x70.jpeg 100w\" sizes=\"auto, (max-width: 680px) 100vw, 680px\" \/><p id=\"caption-attachment-169874\" class=\"wp-caption-text\">Comemorando 14 anos de casados com Bodas de Marfim o casal PM Markson Wander Caniato (Bilu) \u00e9 Alexandra Caniato<\/p><\/div>\n<div id=\"attachment_169872\" style=\"width: 690px\" class=\"wp-caption aligncenter\"><img loading=\"lazy\" decoding=\"async\" aria-describedby=\"caption-attachment-169872\" class=\"wp-image-169872\" src=\"https:\/\/diarioregionaldigital.com.br\/wp-content\/uploads\/2020\/09\/fotoh-17-e1601351337456.jpg\" alt=\"\" width=\"680\" height=\"480\" srcset=\"https:\/\/diarioregionaldigital.com.br\/wp-content\/uploads\/2020\/09\/fotoh-17-e1601351337456.jpg 709w, https:\/\/diarioregionaldigital.com.br\/wp-content\/uploads\/2020\/09\/fotoh-17-e1601351337456-300x212.jpg 300w, https:\/\/diarioregionaldigital.com.br\/wp-content\/uploads\/2020\/09\/fotoh-17-e1601351337456-360x254.jpg 360w, https:\/\/diarioregionaldigital.com.br\/wp-content\/uploads\/2020\/09\/fotoh-17-e1601351337456-100x70.jpg 100w\" sizes=\"auto, (max-width: 680px) 100vw, 680px\" \/><p id=\"caption-attachment-169872\" class=\"wp-caption-text\">O lun\u00e1tico Celso Noronha (Cemig) sempre destaque nesta coluna social<\/p><\/div>\n<div id=\"attachment_169871\" style=\"width: 690px\" class=\"wp-caption aligncenter\"><img loading=\"lazy\" decoding=\"async\" aria-describedby=\"caption-attachment-169871\" class=\"wp-image-169871\" src=\"https:\/\/diarioregionaldigital.com.br\/wp-content\/uploads\/2020\/09\/fotog-18-e1601351246384.jpg\" alt=\"\" width=\"680\" height=\"460\" srcset=\"https:\/\/diarioregionaldigital.com.br\/wp-content\/uploads\/2020\/09\/fotog-18-e1601351246384.jpg 596w, https:\/\/diarioregionaldigital.com.br\/wp-content\/uploads\/2020\/09\/fotog-18-e1601351246384-300x203.jpg 300w, https:\/\/diarioregionaldigital.com.br\/wp-content\/uploads\/2020\/09\/fotog-18-e1601351246384-360x243.jpg 360w\" sizes=\"auto, (max-width: 680px) 100vw, 680px\" \/><p id=\"caption-attachment-169871\" class=\"wp-caption-text\">Com refinamento no Hotel Spa de Lagoa Santa (MG), as elegantes Cristina Mendes, Lalu Repetto e Clea Maci\u00e9ira Duarte<\/p><\/div>\n<p style=\"text-align: center;\"><strong>FOTOSS\u00cdNTESE<\/strong><\/p>\n<p>Florinha Carmo reuniu as amigas Andrea Picorelli, Silvana Paiva Pinto, Wanda Magnolo, Irene Barros e Elaine Quaresma na reabertura da Churrasqueira BBQ com novo layout e o conceito american barbecue com cortes especiais de carnes defumadas. Nas temperos, a chef Paula Labak.<\/p>\n<p>Foi com muitos aplausos e estreia de Dudu Lima na TV Assembleia com o projeto \u201cDudu Lima autoral\u201d selecionado por meio de edital.<\/p>\n<p>Ganhou destaque no relat\u00f3rio socioambiental da Prov\u00edncia dos Jesu\u00edtas do Brasil, o curso de ensino m\u00e9dio integral do Jesu\u00edtas, voltado para adolescentes e jovens em vulnerabilidade s\u00f3cio econ\u00f4mica.<\/p>\n<p>A sommelier Ana Cristina Mokdeci, a Butterfly Tour e a Da Vinha ao Vinho montaram um roteiro entre os dias 30 de outubro e 2 de novembro, com destino as vin\u00edcolas Casa Geraldo e Estrada Real, no sul de Minas e a Vin\u00edcola Guaspari, em Esp\u00edrito Santo do Pinhal (SP).<\/p>\n<p>Festeiro de m\u00e3o cheia Rosangelo Tadeu faz sucesso com o novo restaurante Dom Pietro na rua Benjamin Constant, n\u00ba 753 (em frente ao MAMM).<\/p>\n<p>Din\u00e2mica e r\u00e1pida no gatilho, Kelly Lopes est\u00e1 participando de um novo projeto com a Tangram Mobili\u00e1rio Pet. Os bichinhos (c\u00e3es e gatos) ganham m\u00f3veis de forma artesanal, com madeira de reaproveitamento.<\/p>\n<p>Visualizando:\u201dQuando voc\u00ea realmente n\u00e3o se importa com o que algu\u00e9m pensa de voc\u00ea, ent\u00e3o lindamente voc\u00ea alcan\u00e7ou um higienizado n\u00edvel de liberdade\u201d. (Sininho).<\/p>\n<p><img loading=\"lazy\" decoding=\"async\" class=\"aligncenter size-full wp-image-169876\" src=\"https:\/\/diarioregionaldigital.com.br\/wp-content\/uploads\/2020\/09\/anuncio52-scaled.jpg\" alt=\"\" width=\"2560\" height=\"963\" srcset=\"https:\/\/diarioregionaldigital.com.br\/wp-content\/uploads\/2020\/09\/anuncio52-scaled.jpg 2560w, https:\/\/diarioregionaldigital.com.br\/wp-content\/uploads\/2020\/09\/anuncio52-300x113.jpg 300w, https:\/\/diarioregionaldigital.com.br\/wp-content\/uploads\/2020\/09\/anuncio52-1024x385.jpg 1024w, https:\/\/diarioregionaldigital.com.br\/wp-content\/uploads\/2020\/09\/anuncio52-768x289.jpg 768w, https:\/\/diarioregionaldigital.com.br\/wp-content\/uploads\/2020\/09\/anuncio52-1536x578.jpg 1536w, https:\/\/diarioregionaldigital.com.br\/wp-content\/uploads\/2020\/09\/anuncio52-2048x771.jpg 2048w, https:\/\/diarioregionaldigital.com.br\/wp-content\/uploads\/2020\/09\/anuncio52-360x135.jpg 360w\" sizes=\"auto, (max-width: 2560px) 100vw, 2560px\" \/><\/p>\n","protected":false},"excerpt":{"rendered":"<p>Quadro de Aviso Direto do boletim interno da Policia Militar publicamos \u00e0 nomea\u00e7\u00e3o do coronel PM Neir Adriano para o comando da Quarta Regi\u00e3o de Pol\u00edcia Militar de Minas Gerais. Ele assumiu a vaga do coronel Luciano Vivas, que est\u00e1 indo para a reserva. Neir Adriano \u00e9 natural de Juiz de Fora j\u00e1 comandou com [&hellip;]<\/p>\n","protected":false},"author":96,"featured_media":169865,"comment_status":"closed","ping_status":"closed","sticky":false,"template":"","format":"standard","meta":{"footnotes":""},"categories":[264],"tags":[],"class_list":["post-169875","post","type-post","status-publish","format-standard","has-post-thumbnail","hentry","category-eduardo-gomes"],"_links":{"self":[{"href":"https:\/\/diarioregionaldigital.com.br\/index.php?rest_route=\/wp\/v2\/posts\/169875","targetHints":{"allow":["GET"]}}],"collection":[{"href":"https:\/\/diarioregionaldigital.com.br\/index.php?rest_route=\/wp\/v2\/posts"}],"about":[{"href":"https:\/\/diarioregionaldigital.com.br\/index.php?rest_route=\/wp\/v2\/types\/post"}],"author":[{"embeddable":true,"href":"https:\/\/diarioregionaldigital.com.br\/index.php?rest_route=\/wp\/v2\/users\/96"}],"replies":[{"embeddable":true,"href":"https:\/\/diarioregionaldigital.com.br\/index.php?rest_route=%2Fwp%2Fv2%2Fcomments&post=169875"}],"version-history":[{"count":0,"href":"https:\/\/diarioregionaldigital.com.br\/index.php?rest_route=\/wp\/v2\/posts\/169875\/revisions"}],"wp:featuredmedia":[{"embeddable":true,"href":"https:\/\/diarioregionaldigital.com.br\/index.php?rest_route=\/wp\/v2\/media\/169865"}],"wp:attachment":[{"href":"https:\/\/diarioregionaldigital.com.br\/index.php?rest_route=%2Fwp%2Fv2%2Fmedia&parent=169875"}],"wp:term":[{"taxonomy":"category","embeddable":true,"href":"https:\/\/diarioregionaldigital.com.br\/index.php?rest_route=%2Fwp%2Fv2%2Fcategories&post=169875"},{"taxonomy":"post_tag","embeddable":true,"href":"https:\/\/diarioregionaldigital.com.br\/index.php?rest_route=%2Fwp%2Fv2%2Ftags&post=169875"}],"curies":[{"name":"wp","href":"https:\/\/api.w.org\/{rel}","templated":true}]}}