{"id":169863,"date":"2020-09-28T20:59:48","date_gmt":"2020-09-28T23:59:48","guid":{"rendered":"https:\/\/diarioregionaldigital.com.br\/?p=169863"},"modified":"2020-09-28T20:59:48","modified_gmt":"2020-09-28T23:59:48","slug":"covid-19-brasil-tem-142-mil-obitos-e-474-milhoes-de-casos-acumulados","status":"publish","type":"post","link":"https:\/\/diarioregionaldigital.com.br\/?p=169863","title":{"rendered":"Covid-19: Brasil tem 142 mil \u00f3bitos e 4,74 milh\u00f5es de casos acumulados"},"content":{"rendered":"<p>O boletim di\u00e1rio do Minist\u00e9rio da Sa\u00fade, divulgado nesta segunda-feira (28), revela que\u00a0o Brasil registrou 4.745.464 casos confirmados do novo coronav\u00edrus desde o in\u00edcio da pandemia.<img decoding=\"async\" src=\"https:\/\/agenciabrasil.ebc.com.br\/ebc.png?id=1389178&amp;o=node\" \/><img decoding=\"async\" src=\"https:\/\/agenciabrasil.ebc.com.br\/ebc.gif?id=1389178&amp;o=node\" \/><\/p>\n<p>Desse total, 3% dos casos resultaram em morte (142.058); 10,9% dos pacientes est\u00e3o em tratamento (519.224); e 86,1% dos brasileiros que contra\u00edram covid-19 est\u00e3o recuperados (4.084.182).<\/p>\n<p>Nas \u00faltimas 24 horas, foram registrados 317 \u00f3bitos e 13.155 novos casos. Os casos s\u00e3o menores aos domingos e segundas-feiras pelas limita\u00e7\u00f5es de alimenta\u00e7\u00e3o da base de dados pelas equipes das secretarias de sa\u00fade. J\u00e1 \u00e0s\u00a0<span id=\"OBJ_PREFIX_DWT285_com_zimbra_date\" role=\"link\">ter<\/span>\u00e7as-feiras, o n\u00famero tem sido maior pelo envio dos dados acumulados do fim de semana.<\/p>\n<p>As autoridades de sa\u00fade ainda investigam se\u00a0outras 2.533\u00a0mortes foram provocadas por coronav\u00edrus.<\/p>\n<p><strong>Onde h\u00e1 mais casos de covid-19 no Brasil<\/strong><\/p>\n<p><em>*Casos acumulados desde o in\u00edcio da pandemia<\/em><\/p>\n<p>S\u00e3o Paulo = 973.142<\/p>\n<p>Bahia = 306.629<\/p>\n<p>Minas Gerais = 290.137<\/p>\n<p>Rio de Janeiro =\u00a0262.006<\/p>\n<p>Cear\u00e1 = 239.062<\/p>\n<p><strong>Onde h\u00e1 mais mortes por covid-19 no Brasil\u00a0<\/strong><\/p>\n<p>S\u00e3o Paulo = 35.125<\/p>\n<p>Rio de Janeiro = 18.291<\/p>\n<p>Cear\u00e1 = 8.921<\/p>\n<p>Pernambuco = 8.190<\/p>\n<p>Minas Gerais = 7.240<\/p>\n<p><strong>Fonte:\u00a0<\/strong>Ag\u00eancia Brasil<\/p>\n","protected":false},"excerpt":{"rendered":"<p>O boletim di\u00e1rio do Minist\u00e9rio da Sa\u00fade, divulgado nesta segunda-feira (28), revela que\u00a0o Brasil registrou 4.745.464 casos confirmados do novo coronav\u00edrus desde o in\u00edcio da pandemia. Desse total, 3% dos casos resultaram em morte (142.058); 10,9% dos pacientes est\u00e3o em tratamento (519.224); e 86,1% dos brasileiros que contra\u00edram covid-19 est\u00e3o recuperados (4.084.182). Nas \u00faltimas 24 [&hellip;]<\/p>\n","protected":false},"author":96,"featured_media":169231,"comment_status":"closed","ping_status":"closed","sticky":false,"template":"","format":"standard","meta":{"footnotes":""},"categories":[302,436,440,439],"tags":[],"class_list":["post-169863","post","type-post","status-publish","format-standard","has-post-thumbnail","hentry","category-brasil-mundo","category-destaque-da-semana","category-destaques-do-dia","category-ultima-hora"],"_links":{"self":[{"href":"https:\/\/diarioregionaldigital.com.br\/index.php?rest_route=\/wp\/v2\/posts\/169863","targetHints":{"allow":["GET"]}}],"collection":[{"href":"https:\/\/diarioregionaldigital.com.br\/index.php?rest_route=\/wp\/v2\/posts"}],"about":[{"href":"https:\/\/diarioregionaldigital.com.br\/index.php?rest_route=\/wp\/v2\/types\/post"}],"author":[{"embeddable":true,"href":"https:\/\/diarioregionaldigital.com.br\/index.php?rest_route=\/wp\/v2\/users\/96"}],"replies":[{"embeddable":true,"href":"https:\/\/diarioregionaldigital.com.br\/index.php?rest_route=%2Fwp%2Fv2%2Fcomments&post=169863"}],"version-history":[{"count":0,"href":"https:\/\/diarioregionaldigital.com.br\/index.php?rest_route=\/wp\/v2\/posts\/169863\/revisions"}],"wp:featuredmedia":[{"embeddable":true,"href":"https:\/\/diarioregionaldigital.com.br\/index.php?rest_route=\/wp\/v2\/media\/169231"}],"wp:attachment":[{"href":"https:\/\/diarioregionaldigital.com.br\/index.php?rest_route=%2Fwp%2Fv2%2Fmedia&parent=169863"}],"wp:term":[{"taxonomy":"category","embeddable":true,"href":"https:\/\/diarioregionaldigital.com.br\/index.php?rest_route=%2Fwp%2Fv2%2Fcategories&post=169863"},{"taxonomy":"post_tag","embeddable":true,"href":"https:\/\/diarioregionaldigital.com.br\/index.php?rest_route=%2Fwp%2Fv2%2Ftags&post=169863"}],"curies":[{"name":"wp","href":"https:\/\/api.w.org\/{rel}","templated":true}]}}